{"id":1863,"date":"2025-03-30T16:23:34","date_gmt":"2025-03-30T19:23:34","guid":{"rendered":"https:\/\/rmaterbelem.org.br\/?p=1863"},"modified":"2025-04-30T17:34:09","modified_gmt":"2025-04-30T20:34:09","slug":"jubileu-dos-seminaristas-da-arquidiocese-de-belem","status":"publish","type":"post","link":"http:\/\/rmaterbelem.org.br\/it\/jubileu-dos-seminaristas-da-arquidiocese-de-belem\/","title":{"rendered":"Giubileo dei seminaristi dell'Arcidiocesi di Bel\u00e9m"},"content":{"rendered":"<div data-elementor-type=\"wp-post\" data-elementor-id=\"1863\" class=\"elementor elementor-1863\">\n\t\t\t\t\t\t<section class=\"elementor-section elementor-top-section elementor-element elementor-element-73bbc0f0 elementor-section-boxed elementor-section-height-default elementor-section-height-default wpr-particle-no wpr-jarallax-no wpr-parallax-no wpr-sticky-section-no wpr-equal-height-no\" data-id=\"73bbc0f0\" data-element_type=\"section\" data-e-type=\"section\">\n\t\t\t\t\t\t<div class=\"elementor-container elementor-column-gap-default\">\n\t\t\t\t\t<div class=\"elementor-column elementor-col-100 elementor-top-column elementor-element elementor-element-642556b3\" data-id=\"642556b3\" data-element_type=\"column\" data-e-type=\"column\">\n\t\t\t<div class=\"elementor-widget-wrap elementor-element-populated\">\n\t\t\t\t\t\t<div class=\"elementor-element elementor-element-378efbba elementor-widget elementor-widget-text-editor\" data-id=\"378efbba\" data-element_type=\"widget\" data-e-type=\"widget\" data-widget_type=\"text-editor.default\">\n\t\t\t\t<div class=\"elementor-widget-container\">\n\t\t\t\t\t\t\t\t\t<p data-sourcepos=\"3:1-3:310\">Sabato 29 marzo, l'arcidiocesi ha celebrato il Giubileo dei seminaristi. La celebrazione \u00e8 iniziata nella chiesa di Nostra Signora del Monte Carmelo, da dove i seminaristi, insieme ai loro formatori, sono partiti in pellegrinaggio verso la Cattedrale. Nella cattedrale \u00e8 stata celebrata la Santa Messa, presieduta dall'arcivescovo di Bel\u00e9m, Dom Alberto Taveira Corr\u00eaa.<\/p>\n<p data-sourcepos=\"5:1-5:299\">La celebrazione ha riunito i formatori e i seminaristi dell'arcidiocesi, offrendo un momento di comunione e ricordando che, nonostante la diversit\u00e0 dei carismi presenti, l'obiettivo centrale rimane lo stesso. Nella sua omelia, l'Arcivescovo ha sottolineato che la missione \u00e8 \u201cformare sacerdoti secondo il cuore di Ges\u00f9\u201d.<\/p>\n<p data-sourcepos=\"7:1-7:48\">Uniti nella preghiera, preghiamo per le nostre vocazioni!<\/p>\t\t\t\t\t\t\t\t<\/div>\n\t\t\t\t<\/div>\n\t\t\t\t\t<\/div>\n\t\t<\/div>\n\t\t\t\t\t<\/div>\n\t\t<\/section>\n\t\t\t\t<section class=\"elementor-section elementor-top-section elementor-element elementor-element-7601ac0 elementor-section-boxed elementor-section-height-default elementor-section-height-default wpr-particle-no wpr-jarallax-no wpr-parallax-no wpr-sticky-section-no wpr-equal-height-no\" data-id=\"7601ac0\" data-element_type=\"section\" data-e-type=\"section\">\n\t\t\t\t\t\t<div class=\"elementor-container elementor-column-gap-default\">\n\t\t\t\t\t<div class=\"elementor-column elementor-col-100 elementor-top-column elementor-element elementor-element-b1a8292\" data-id=\"b1a8292\" data-element_type=\"column\" data-e-type=\"column\">\n\t\t\t<div class=\"elementor-widget-wrap elementor-element-populated\">\n\t\t\t\t\t\t<div class=\"elementor-element elementor-element-e59d634 elementor-widget__width-initial elementor-arrows-position-inside elementor-pagination-position-outside elementor-widget elementor-widget-image-carousel\" data-id=\"e59d634\" data-element_type=\"widget\" data-e-type=\"widget\" data-settings=\"{&quot;slides_to_show&quot;:&quot;1&quot;,&quot;navigation&quot;:&quot;both&quot;,&quot;effect&quot;:&quot;slide&quot;,&quot;speed&quot;:500}\" data-widget_type=\"image-carousel.default\">\n\t\t\t\t<div class=\"elementor-widget-container\">\n\t\t\t\t\t\t\t<div class=\"elementor-image-carousel-wrapper swiper\" role=\"region\" aria-roledescription=\"carousel\" aria-label=\"Carrossel de imagens\" dir=\"ltr\">\n\t\t\t<div class=\"elementor-image-carousel swiper-wrapper\" aria-live=\"polite\">\n\t\t\t\t\t\t\t\t<div class=\"swiper-slide\" role=\"group\" aria-roledescription=\"slide\" aria-label=\"1 de 3\"><figure class=\"swiper-slide-inner\"><img decoding=\"async\" class=\"swiper-slide-image\" src=\"https:\/\/rmaterbelem.org.br\/wp-content\/uploads\/2025\/04\/IMG_3814-768x512.jpg\" alt=\"IMG_3814\" \/><\/figure><\/div><div class=\"swiper-slide\" role=\"group\" aria-roledescription=\"slide\" aria-label=\"2 de 3\"><figure class=\"swiper-slide-inner\"><img decoding=\"async\" class=\"swiper-slide-image\" src=\"https:\/\/rmaterbelem.org.br\/wp-content\/uploads\/2025\/04\/IMG_3817-768x512.jpg\" alt=\"IMG_3817\" \/><\/figure><\/div><div class=\"swiper-slide\" role=\"group\" aria-roledescription=\"slide\" aria-label=\"3 de 3\"><figure class=\"swiper-slide-inner\"><img decoding=\"async\" class=\"swiper-slide-image\" src=\"https:\/\/rmaterbelem.org.br\/wp-content\/uploads\/2025\/04\/IMG_3840-1-768x512.jpg\" alt=\"IMG_3840\" \/><\/figure><\/div>\t\t\t<\/div>\n\t\t\t\t\t\t\t\t\t\t\t\t<div class=\"elementor-swiper-button elementor-swiper-button-prev\" role=\"button\" tabindex=\"0\">\n\t\t\t\t\t\t<i aria-hidden=\"true\" class=\"eicon-chevron-left\"><\/i>\t\t\t\t\t<\/div>\n\t\t\t\t\t<div class=\"elementor-swiper-button elementor-swiper-button-next\" role=\"button\" tabindex=\"0\">\n\t\t\t\t\t\t<i aria-hidden=\"true\" class=\"eicon-chevron-right\"><\/i>\t\t\t\t\t<\/div>\n\t\t\t\t\n\t\t\t\t\t\t\t\t\t<div class=\"swiper-pagination\"><\/div>\n\t\t\t\t\t\t\t\t\t<\/div>\n\t\t\t\t\t\t<\/div>\n\t\t\t\t<\/div>\n\t\t\t\t\t<\/div>\n\t\t<\/div>\n\t\t\t\t\t<\/div>\n\t\t<\/section>\n\t\t\t\t<\/div>","protected":false},"excerpt":{"rendered":"<p>No s\u00e1bado, 29 de mar\u00e7o, a Arquidiocese celebrou o Jubileu dos seminaristas. A celebra\u00e7\u00e3o teve in\u00edcio na Igreja Nossa Senhora do Carmo, de onde os seminaristas, juntamente com os formadores, sa\u00edram em peregrina\u00e7\u00e3o rumo \u00e0 Catedral da S\u00e9. Na Catedral, foi celebrada a Santa Missa, presidida pelo arcebispo de Bel\u00e9m, Dom Alberto Taveira Corr\u00eaa. A celebra\u00e7\u00e3o reuniu os formadores e seminaristas da Arquidiocese, proporcionando um momento de comunh\u00e3o e de recorda\u00e7\u00e3o de que, apesar da diversidade de carismas presentes, o objetivo central permanece o mesmo. Nas palavras do Arcebispo, a miss\u00e3o \u00e9 &#8220;formar presb\u00edteros segundo o cora\u00e7\u00e3o de Jesus&#8221;. Unidos em ora\u00e7\u00e3o, rezemos pelas nossas voca\u00e7\u00f5es!<\/p>","protected":false},"author":8,"featured_media":1901,"comment_status":"closed","ping_status":"open","sticky":false,"template":"","format":"standard","meta":{"wp_popup_display_lightbox":0,"wp_popup_suppress":"","wp_popup_trigger":"","wp_popup_trigger_amount":0,"wp_popup_disable_on_mobile":false,"footnotes":""},"categories":[6,7],"tags":[],"class_list":["post-1863","post","type-post","status-publish","format-standard","has-post-thumbnail","hentry","category-eventos","category-noticias"],"_links":{"self":[{"href":"http:\/\/rmaterbelem.org.br\/it\/wp-json\/wp\/v2\/posts\/1863","targetHints":{"allow":["GET"]}}],"collection":[{"href":"http:\/\/rmaterbelem.org.br\/it\/wp-json\/wp\/v2\/posts"}],"about":[{"href":"http:\/\/rmaterbelem.org.br\/it\/wp-json\/wp\/v2\/types\/post"}],"author":[{"embeddable":true,"href":"http:\/\/rmaterbelem.org.br\/it\/wp-json\/wp\/v2\/users\/8"}],"replies":[{"embeddable":true,"href":"http:\/\/rmaterbelem.org.br\/it\/wp-json\/wp\/v2\/comments?post=1863"}],"version-history":[{"count":14,"href":"http:\/\/rmaterbelem.org.br\/it\/wp-json\/wp\/v2\/posts\/1863\/revisions"}],"predecessor-version":[{"id":1914,"href":"http:\/\/rmaterbelem.org.br\/it\/wp-json\/wp\/v2\/posts\/1863\/revisions\/1914"}],"wp:featuredmedia":[{"embeddable":true,"href":"http:\/\/rmaterbelem.org.br\/it\/wp-json\/wp\/v2\/media\/1901"}],"wp:attachment":[{"href":"http:\/\/rmaterbelem.org.br\/it\/wp-json\/wp\/v2\/media?parent=1863"}],"wp:term":[{"taxonomy":"category","embeddable":true,"href":"http:\/\/rmaterbelem.org.br\/it\/wp-json\/wp\/v2\/categories?post=1863"},{"taxonomy":"post_tag","embeddable":true,"href":"http:\/\/rmaterbelem.org.br\/it\/wp-json\/wp\/v2\/tags?post=1863"}],"curies":[{"name":"wp","href":"https:\/\/api.w.org\/{rel}","templated":true}]}}