{"id":1994,"date":"2025-08-01T14:21:33","date_gmt":"2025-08-01T17:21:33","guid":{"rendered":"https:\/\/rmaterbelem.org.br\/?p=1994"},"modified":"2025-08-01T14:27:36","modified_gmt":"2025-08-01T17:27:36","slug":"missa-e-aula-inaugural-do-2-semestre-na-faculdade-catolica-de-belem","status":"publish","type":"post","link":"http:\/\/rmaterbelem.org.br\/it\/missa-e-aula-inaugural-do-2-semestre-na-faculdade-catolica-de-belem\/","title":{"rendered":"Messa e lezione inaugurale del 2\u00b0 semestre alla Facolt\u00e0 Cattolica di Bel\u00e9m"},"content":{"rendered":"<div data-elementor-type=\"wp-post\" data-elementor-id=\"1994\" class=\"elementor elementor-1994\">\n\t\t\t\t\t\t<section class=\"elementor-section elementor-top-section elementor-element elementor-element-33ee837 elementor-section-boxed elementor-section-height-default elementor-section-height-default wpr-particle-no wpr-jarallax-no wpr-parallax-no wpr-sticky-section-no wpr-equal-height-no\" data-id=\"33ee837\" data-element_type=\"section\" data-e-type=\"section\">\n\t\t\t\t\t\t<div class=\"elementor-container elementor-column-gap-default\">\n\t\t\t\t\t<div class=\"elementor-column elementor-col-100 elementor-top-column elementor-element elementor-element-3a477077\" data-id=\"3a477077\" data-element_type=\"column\" data-e-type=\"column\">\n\t\t\t<div class=\"elementor-widget-wrap elementor-element-populated\">\n\t\t\t\t\t\t<div class=\"elementor-element elementor-element-5ba630cf elementor-widget elementor-widget-text-editor\" data-id=\"5ba630cf\" data-element_type=\"widget\" data-e-type=\"widget\" data-widget_type=\"text-editor.default\">\n\t\t\t\t<div class=\"elementor-widget-container\">\n\t\t\t\t\t\t\t\t\tLa mattina del 1\u00b0 agosto, la Facolt\u00e0 Cattolica di Bel\u00e9m ha iniziato il suo semestre accademico con la Santa Messa nella Parrocchia di San Pio X, presieduta dall'Arcivescovo Metropolita dell'Arcidiocesi di Bel\u00e9m e Gran Cancelliere della Facolt\u00e0, Dom Alberto Taveira Correa.\n\nPadre Jo\u00e3o Paulo Dantas ha poi tenuto la lezione inaugurale del semestre sul tema: \u201cTra storia e teologia: l'importanza del Concilio di Nicea\u201d.\t\t\t\t\t\t\t\t<\/div>\n\t\t\t\t<\/div>\n\t\t\t\t\t<\/div>\n\t\t<\/div>\n\t\t\t\t\t<\/div>\n\t\t<\/section>\n\t\t\t\t<section class=\"elementor-section elementor-top-section elementor-element elementor-element-ad5b949 elementor-section-boxed elementor-section-height-default elementor-section-height-default wpr-particle-no wpr-jarallax-no wpr-parallax-no wpr-sticky-section-no wpr-equal-height-no\" data-id=\"ad5b949\" data-element_type=\"section\" data-e-type=\"section\">\n\t\t\t\t\t\t<div class=\"elementor-container elementor-column-gap-default\">\n\t\t\t\t\t<div class=\"elementor-column elementor-col-100 elementor-top-column elementor-element elementor-element-cca6d8a\" data-id=\"cca6d8a\" data-element_type=\"column\" data-e-type=\"column\">\n\t\t\t<div class=\"elementor-widget-wrap elementor-element-populated\">\n\t\t\t\t\t\t<div class=\"elementor-element elementor-element-3a08bb3 elementor-arrows-position-inside elementor-pagination-position-outside elementor-widget elementor-widget-image-carousel\" data-id=\"3a08bb3\" data-element_type=\"widget\" data-e-type=\"widget\" data-settings=\"{&quot;slides_to_show&quot;:&quot;1&quot;,&quot;navigation&quot;:&quot;both&quot;,&quot;effect&quot;:&quot;slide&quot;,&quot;speed&quot;:500}\" data-widget_type=\"image-carousel.default\">\n\t\t\t\t<div class=\"elementor-widget-container\">\n\t\t\t\t\t\t\t<div class=\"elementor-image-carousel-wrapper swiper\" role=\"region\" aria-roledescription=\"carousel\" aria-label=\"Carrossel de imagens\" dir=\"ltr\">\n\t\t\t<div class=\"elementor-image-carousel swiper-wrapper\" aria-live=\"polite\">\n\t\t\t\t\t\t\t\t<div class=\"swiper-slide\" role=\"group\" aria-roledescription=\"slide\" aria-label=\"1 di 6\"><figure class=\"swiper-slide-inner\"><img decoding=\"async\" class=\"swiper-slide-image\" src=\"https:\/\/rmaterbelem.org.br\/wp-content\/uploads\/2025\/08\/IMG20250801082203-768x578.jpg\" alt=\"oplus_0\" \/><\/figure><\/div><div class=\"swiper-slide\" role=\"group\" aria-roledescription=\"slide\" aria-label=\"2 di 6\"><figure class=\"swiper-slide-inner\"><img decoding=\"async\" class=\"swiper-slide-image\" src=\"https:\/\/rmaterbelem.org.br\/wp-content\/uploads\/2025\/08\/IMG20250801080427-768x578.jpg\" alt=\"oplus_0\" \/><\/figure><\/div><div class=\"swiper-slide\" role=\"group\" aria-roledescription=\"slide\" aria-label=\"3 di 6\"><figure class=\"swiper-slide-inner\"><img decoding=\"async\" class=\"swiper-slide-image\" src=\"https:\/\/rmaterbelem.org.br\/wp-content\/uploads\/2025\/08\/IMG20250801080241-768x578.jpg\" alt=\"oplus_0\" \/><\/figure><\/div><div class=\"swiper-slide\" role=\"group\" aria-roledescription=\"slide\" aria-label=\"4 di 6\"><figure class=\"swiper-slide-inner\"><img decoding=\"async\" class=\"swiper-slide-image\" src=\"https:\/\/rmaterbelem.org.br\/wp-content\/uploads\/2025\/08\/IMG20250801090917-768x578.jpg\" alt=\"oplus_0\" \/><\/figure><\/div><div class=\"swiper-slide\" role=\"group\" aria-roledescription=\"slide\" aria-label=\"5 di 6\"><figure class=\"swiper-slide-inner\"><img decoding=\"async\" class=\"swiper-slide-image\" src=\"https:\/\/rmaterbelem.org.br\/wp-content\/uploads\/2025\/08\/IMG20250801094459-768x1020.jpg\" alt=\"oplus_32\" \/><\/figure><\/div><div class=\"swiper-slide\" role=\"group\" aria-roledescription=\"slide\" aria-label=\"6 di 6\"><figure class=\"swiper-slide-inner\"><img decoding=\"async\" class=\"swiper-slide-image\" src=\"https:\/\/rmaterbelem.org.br\/wp-content\/uploads\/2025\/08\/IMG20250801094509-768x1020.jpg\" alt=\"oplus_32\" \/><\/figure><\/div>\t\t\t<\/div>\n\t\t\t\t\t\t\t\t\t\t\t\t<div class=\"elementor-swiper-button elementor-swiper-button-prev\" role=\"button\" tabindex=\"0\">\n\t\t\t\t\t\t<i aria-hidden=\"true\" class=\"eicon-chevron-left\"><\/i>\t\t\t\t\t<\/div>\n\t\t\t\t\t<div class=\"elementor-swiper-button elementor-swiper-button-next\" role=\"button\" tabindex=\"0\">\n\t\t\t\t\t\t<i aria-hidden=\"true\" class=\"eicon-chevron-right\"><\/i>\t\t\t\t\t<\/div>\n\t\t\t\t\n\t\t\t\t\t\t\t\t\t<div class=\"swiper-pagination\"><\/div>\n\t\t\t\t\t\t\t\t\t<\/div>\n\t\t\t\t\t\t<\/div>\n\t\t\t\t<\/div>\n\t\t\t\t\t<\/div>\n\t\t<\/div>\n\t\t\t\t\t<\/div>\n\t\t<\/section>\n\t\t\t\t<\/div>","protected":false},"excerpt":{"rendered":"<p>Na manh\u00e3 do dia 01\/08 a Faculdade Cat\u00f3lica de Bel\u00e9m inicia seu semestre letivo com a Santa Missa na Par\u00f3quia S\u00e3o Pio X presidida pelo Arcebispo Metropolitano da Arquidiocese de Bel\u00e9m e Gr\u00e3o-chanceler da faculdade, Dom Alberto Taveira Correa. Em seguida o Prof. Pe. Jo\u00e3o Paulo Dantas ministrou a aula inaugural do semestre com o tema: &#8220;Entre hist\u00f3ria e teologia: a import\u00e2ncia do Conc\u00edlio de Nic\u00e9ia&#8221;.<\/p>","protected":false},"author":8,"featured_media":1996,"comment_status":"closed","ping_status":"open","sticky":false,"template":"","format":"standard","meta":{"wp_popup_display_lightbox":0,"wp_popup_suppress":"","wp_popup_trigger":"","wp_popup_trigger_amount":0,"wp_popup_disable_on_mobile":false,"footnotes":""},"categories":[6,7],"tags":[],"class_list":["post-1994","post","type-post","status-publish","format-standard","has-post-thumbnail","hentry","category-eventos","category-noticias"],"_links":{"self":[{"href":"http:\/\/rmaterbelem.org.br\/it\/wp-json\/wp\/v2\/posts\/1994","targetHints":{"allow":["GET"]}}],"collection":[{"href":"http:\/\/rmaterbelem.org.br\/it\/wp-json\/wp\/v2\/posts"}],"about":[{"href":"http:\/\/rmaterbelem.org.br\/it\/wp-json\/wp\/v2\/types\/post"}],"author":[{"embeddable":true,"href":"http:\/\/rmaterbelem.org.br\/it\/wp-json\/wp\/v2\/users\/8"}],"replies":[{"embeddable":true,"href":"http:\/\/rmaterbelem.org.br\/it\/wp-json\/wp\/v2\/comments?post=1994"}],"version-history":[{"count":5,"href":"http:\/\/rmaterbelem.org.br\/it\/wp-json\/wp\/v2\/posts\/1994\/revisions"}],"predecessor-version":[{"id":2006,"href":"http:\/\/rmaterbelem.org.br\/it\/wp-json\/wp\/v2\/posts\/1994\/revisions\/2006"}],"wp:featuredmedia":[{"embeddable":true,"href":"http:\/\/rmaterbelem.org.br\/it\/wp-json\/wp\/v2\/media\/1996"}],"wp:attachment":[{"href":"http:\/\/rmaterbelem.org.br\/it\/wp-json\/wp\/v2\/media?parent=1994"}],"wp:term":[{"taxonomy":"category","embeddable":true,"href":"http:\/\/rmaterbelem.org.br\/it\/wp-json\/wp\/v2\/categories?post=1994"},{"taxonomy":"post_tag","embeddable":true,"href":"http:\/\/rmaterbelem.org.br\/it\/wp-json\/wp\/v2\/tags?post=1994"}],"curies":[{"name":"wp","href":"https:\/\/api.w.org\/{rel}","templated":true}]}}