{"id":1043,"date":"2023-05-04T10:27:02","date_gmt":"2023-05-04T13:27:02","guid":{"rendered":"https:\/\/rmaterbelem.org.br\/?p=1043"},"modified":"2026-03-28T20:40:19","modified_gmt":"2026-03-28T23:40:19","slug":"leitorado-seminarista-vagner","status":"publish","type":"post","link":"https:\/\/rmaterbelem.org.br\/it\/leitorado-seminarista-vagner\/","title":{"rendered":"LEITORADO Seminarista Vagner"},"content":{"rendered":"<div data-elementor-type=\"wp-post\" data-elementor-id=\"1043\" class=\"elementor elementor-1043\">\n\t\t\t\t\t\t<section class=\"elementor-section elementor-top-section elementor-element elementor-element-23bb4e4 elementor-section-stretched elementor-section-boxed elementor-section-height-default elementor-section-height-default wpr-particle-no wpr-jarallax-no wpr-parallax-no wpr-sticky-section-no wpr-equal-height-no\" data-id=\"23bb4e4\" data-element_type=\"section\" data-e-type=\"section\" data-settings=\"{&quot;stretch_section&quot;:&quot;section-stretched&quot;}\">\n\t\t\t\t\t\t<div class=\"elementor-container elementor-column-gap-default\">\n\t\t\t\t\t<div class=\"elementor-column elementor-col-50 elementor-top-column elementor-element elementor-element-8e5ed2e\" data-id=\"8e5ed2e\" data-element_type=\"column\" data-e-type=\"column\">\n\t\t\t<div class=\"elementor-widget-wrap elementor-element-populated\">\n\t\t\t\t\t\t<div class=\"elementor-element elementor-element-894c3c6 elementor-widget elementor-widget-text-editor\" data-id=\"894c3c6\" data-element_type=\"widget\" data-e-type=\"widget\" data-widget_type=\"text-editor.default\">\n\t\t\t\t<div class=\"elementor-widget-container\">\n\t\t\t\t\t\t\t\t\t<p>Em uma solene cerim\u00f4nia realizada no Semin\u00e1rio Mission\u00e1rio Arquidiocesano Redemptoris Mater de Bel\u00e9m, o Arcebispo da Arquidiocese de Bel\u00e9m, Dom Alberto Taveira, juntamente com o Bispo da Diocese do Xingu-Pa, Dom Jo\u00e3o Muniz, presidiram uma solene eucaristia para a efetiva\u00e7\u00e3o do rito do minist\u00e9rio de leitorado ao seminarista Vagner de Oliveira (DF).<\/p><p>A celebra\u00e7\u00e3o realizada junto aos irm\u00e3os das comunidades, seminaristas e padres de nossa arquidiocese, contou com um belo momento marcado por uma atmosfera de gratid\u00e3o e compromisso com a miss\u00e3o de propagar a Palavra de Deus.<\/p><p>Dom Alberto Taveira, em sua homilia, destacou a import\u00e2ncia do leitorado como um passo significativo na forma\u00e7\u00e3o do seminarista, capacitando-o a proclamar e transmitir com fidelidade \u00e0s Sagradas Escrituras \u00e0 comunidade de f\u00e9. O Arcebispo\u00a0tamb\u00e9m ressaltou a relev\u00e2ncia do Semin\u00e1rio Mission\u00e1rio Arquidiocesano Redemptoris Mater de Bel\u00e9m na prepara\u00e7\u00e3o de futuros padres comprometidos com a evangeliza\u00e7\u00e3o, e cumprimento da vontade de Deus.<\/p>\t\t\t\t\t\t\t\t<\/div>\n\t\t\t\t<\/div>\n\t\t\t\t\t<\/div>\n\t\t<\/div>\n\t\t\t\t<div class=\"elementor-column elementor-col-50 elementor-top-column elementor-element elementor-element-238689f\" data-id=\"238689f\" data-element_type=\"column\" data-e-type=\"column\">\n\t\t\t<div class=\"elementor-widget-wrap elementor-element-populated\">\n\t\t\t\t\t\t<div class=\"elementor-element elementor-element-9355c77 elementor-arrows-position-inside elementor-pagination-position-outside elementor-widget elementor-widget-image-carousel\" data-id=\"9355c77\" data-element_type=\"widget\" data-e-type=\"widget\" data-settings=\"{&quot;slides_to_show&quot;:&quot;1&quot;,&quot;navigation&quot;:&quot;both&quot;,&quot;autoplay&quot;:&quot;yes&quot;,&quot;pause_on_hover&quot;:&quot;yes&quot;,&quot;pause_on_interaction&quot;:&quot;yes&quot;,&quot;autoplay_speed&quot;:5000,&quot;infinite&quot;:&quot;yes&quot;,&quot;effect&quot;:&quot;slide&quot;,&quot;speed&quot;:500}\" data-widget_type=\"image-carousel.default\">\n\t\t\t\t<div class=\"elementor-widget-container\">\n\t\t\t\t\t\t\t<div class=\"elementor-image-carousel-wrapper swiper\" role=\"region\" aria-roledescription=\"carousel\" aria-label=\"Carosello d&#039;immagini\" dir=\"ltr\" data-no-translation-aria-label=\"\">\n\t\t\t<div class=\"elementor-image-carousel swiper-wrapper\" aria-live=\"off\">\n\t\t\t\t\t\t\t\t<div class=\"swiper-slide\" role=\"group\" aria-roledescription=\"slide\" aria-label=\"1 di 6\" data-no-translation-aria-label=\"\"><figure class=\"swiper-slide-inner\"><img decoding=\"async\" class=\"swiper-slide-image\" src=\"https:\/\/rmaterbelem.org.br\/wp-content\/uploads\/2023\/06\/DSC_0828-1024x685.png\" alt=\"DSC_0828\" \/><\/figure><\/div><div class=\"swiper-slide\" role=\"group\" aria-roledescription=\"slide\" aria-label=\"2 di 6\" data-no-translation-aria-label=\"\"><figure class=\"swiper-slide-inner\"><img decoding=\"async\" class=\"swiper-slide-image\" src=\"https:\/\/rmaterbelem.org.br\/wp-content\/uploads\/2023\/06\/DSC_0814-1024x685.png\" alt=\"DSC_0814\" \/><\/figure><\/div><div class=\"swiper-slide\" role=\"group\" aria-roledescription=\"slide\" aria-label=\"3 di 6\" data-no-translation-aria-label=\"\"><figure class=\"swiper-slide-inner\"><img decoding=\"async\" class=\"swiper-slide-image\" src=\"https:\/\/rmaterbelem.org.br\/wp-content\/uploads\/2023\/06\/DSC_0835-1024x685.png\" alt=\"DSC_0835\" \/><\/figure><\/div><div class=\"swiper-slide\" role=\"group\" aria-roledescription=\"slide\" aria-label=\"4 di 6\" data-no-translation-aria-label=\"\"><figure class=\"swiper-slide-inner\"><img decoding=\"async\" class=\"swiper-slide-image\" src=\"https:\/\/rmaterbelem.org.br\/wp-content\/uploads\/2023\/06\/DSC_0840-1024x685.png\" alt=\"DSC_0840\" \/><\/figure><\/div><div class=\"swiper-slide\" role=\"group\" aria-roledescription=\"slide\" aria-label=\"5 di 6\" data-no-translation-aria-label=\"\"><figure class=\"swiper-slide-inner\"><img decoding=\"async\" class=\"swiper-slide-image\" src=\"https:\/\/rmaterbelem.org.br\/wp-content\/uploads\/2023\/06\/DSC_0834-1024x685.png\" alt=\"DSC_0834\" \/><\/figure><\/div><div class=\"swiper-slide\" role=\"group\" aria-roledescription=\"slide\" aria-label=\"6 di 6\" data-no-translation-aria-label=\"\"><figure class=\"swiper-slide-inner\"><img decoding=\"async\" class=\"swiper-slide-image\" src=\"https:\/\/rmaterbelem.org.br\/wp-content\/uploads\/2023\/06\/DSC_0824-1024x685.png\" alt=\"DSC_0824\" \/><\/figure><\/div>\t\t\t<\/div>\n\t\t\t\t\t\t\t\t\t\t\t\t<div class=\"elementor-swiper-button elementor-swiper-button-prev\" role=\"button\" tabindex=\"0\">\n\t\t\t\t\t\t<i aria-hidden=\"true\" class=\"eicon-chevron-left\"><\/i>\t\t\t\t\t<\/div>\n\t\t\t\t\t<div class=\"elementor-swiper-button elementor-swiper-button-next\" role=\"button\" tabindex=\"0\">\n\t\t\t\t\t\t<i aria-hidden=\"true\" class=\"eicon-chevron-right\"><\/i>\t\t\t\t\t<\/div>\n\t\t\t\t\n\t\t\t\t\t\t\t\t\t<div class=\"swiper-pagination\"><\/div>\n\t\t\t\t\t\t\t\t\t<\/div>\n\t\t\t\t\t\t<\/div>\n\t\t\t\t<\/div>\n\t\t\t\t\t<\/div>\n\t\t<\/div>\n\t\t\t\t\t<\/div>\n\t\t<\/section>\n\t\t\t\t<\/div>","protected":false},"excerpt":{"rendered":"<p>Em uma solene cerim\u00f4nia realizada no Semin\u00e1rio Mission\u00e1rio Arquidiocesano Redemptoris Mater de Bel\u00e9m, o Arcebispo da Arquidiocese de Bel\u00e9m, Dom Alberto Taveira, juntamente com o Bispo da Diocese do Xingu-Pa, Dom Jo\u00e3o Muniz, presidiram uma solene eucaristia para a efetiva\u00e7\u00e3o do rito do minist\u00e9rio de leitorado ao seminarista Vagner de Oliveira (DF). A celebra\u00e7\u00e3o realizada junto aos irm\u00e3os das comunidades, seminaristas e padres de nossa arquidiocese, contou com um belo momento marcado por uma atmosfera de gratid\u00e3o e compromisso com a miss\u00e3o de propagar a Palavra de Deus. Dom Alberto Taveira, em sua homilia, destacou a import\u00e2ncia do leitorado como um passo significativo na forma\u00e7\u00e3o do seminarista, capacitando-o a proclamar e transmitir com fidelidade \u00e0s Sagradas Escrituras \u00e0 comunidade de f\u00e9. O Arcebispo\u00a0tamb\u00e9m ressaltou a relev\u00e2ncia do Semin\u00e1rio Mission\u00e1rio Arquidiocesano Redemptoris Mater de Bel\u00e9m na prepara\u00e7\u00e3o de futuros padres comprometidos com a evangeliza\u00e7\u00e3o, e cumprimento da vontade de Deus. Previous image Next image<\/p>","protected":false},"author":13,"featured_media":1044,"comment_status":"closed","ping_status":"open","sticky":false,"template":"","format":"standard","meta":{"wp_popup_display_lightbox":0,"wp_popup_suppress":"","wp_popup_trigger":"","wp_popup_trigger_amount":0,"wp_popup_disable_on_mobile":false,"footnotes":""},"categories":[15,7],"tags":[],"class_list":["post-1043","post","type-post","status-publish","format-standard","has-post-thumbnail","hentry","category-ministerio","category-noticias"],"_links":{"self":[{"href":"https:\/\/rmaterbelem.org.br\/it\/wp-json\/wp\/v2\/posts\/1043","targetHints":{"allow":["GET"]}}],"collection":[{"href":"https:\/\/rmaterbelem.org.br\/it\/wp-json\/wp\/v2\/posts"}],"about":[{"href":"https:\/\/rmaterbelem.org.br\/it\/wp-json\/wp\/v2\/types\/post"}],"author":[{"embeddable":true,"href":"https:\/\/rmaterbelem.org.br\/it\/wp-json\/wp\/v2\/users\/13"}],"replies":[{"embeddable":true,"href":"https:\/\/rmaterbelem.org.br\/it\/wp-json\/wp\/v2\/comments?post=1043"}],"version-history":[{"count":15,"href":"https:\/\/rmaterbelem.org.br\/it\/wp-json\/wp\/v2\/posts\/1043\/revisions"}],"predecessor-version":[{"id":2079,"href":"https:\/\/rmaterbelem.org.br\/it\/wp-json\/wp\/v2\/posts\/1043\/revisions\/2079"}],"wp:featuredmedia":[{"embeddable":true,"href":"https:\/\/rmaterbelem.org.br\/it\/wp-json\/wp\/v2\/media\/1044"}],"wp:attachment":[{"href":"https:\/\/rmaterbelem.org.br\/it\/wp-json\/wp\/v2\/media?parent=1043"}],"wp:term":[{"taxonomy":"category","embeddable":true,"href":"https:\/\/rmaterbelem.org.br\/it\/wp-json\/wp\/v2\/categories?post=1043"},{"taxonomy":"post_tag","embeddable":true,"href":"https:\/\/rmaterbelem.org.br\/it\/wp-json\/wp\/v2\/tags?post=1043"}],"curies":[{"name":"wp","href":"https:\/\/api.w.org\/{rel}","templated":true}]}}