{"id":1569,"date":"2024-03-16T11:48:30","date_gmt":"2024-03-16T14:48:30","guid":{"rendered":"https:\/\/rmaterbelem.org.br\/?p=1569"},"modified":"2024-03-21T14:22:38","modified_gmt":"2024-03-21T17:22:38","slug":"visita-pastoral-da-equipe-de-catequistas-da-nacao","status":"publish","type":"post","link":"https:\/\/rmaterbelem.org.br\/it\/visita-pastoral-da-equipe-de-catequistas-da-nacao\/","title":{"rendered":"Visita pastorale dell'\u00e9quipe di catechisti della nazione"},"content":{"rendered":"<div data-elementor-type=\"wp-post\" data-elementor-id=\"1569\" class=\"elementor elementor-1569\">\n\t\t\t\t\t\t<section class=\"elementor-section elementor-top-section elementor-element elementor-element-cf76057 elementor-section-boxed elementor-section-height-default elementor-section-height-default wpr-particle-no wpr-jarallax-no wpr-parallax-no wpr-sticky-section-no wpr-equal-height-no\" data-id=\"cf76057\" data-element_type=\"section\" data-e-type=\"section\">\n\t\t\t\t\t\t<div class=\"elementor-container elementor-column-gap-default\">\n\t\t\t\t\t<div class=\"elementor-column elementor-col-50 elementor-top-column elementor-element elementor-element-b29d2de\" data-id=\"b29d2de\" data-element_type=\"column\" data-e-type=\"column\">\n\t\t\t<div class=\"elementor-widget-wrap elementor-element-populated\">\n\t\t\t\t\t\t<div class=\"elementor-element elementor-element-01095e4 elementor-widget elementor-widget-text-editor\" data-id=\"01095e4\" data-element_type=\"widget\" data-e-type=\"widget\" data-widget_type=\"text-editor.default\">\n\t\t\t\t<div class=\"elementor-widget-container\">\n\t\t\t\t\t\t\t\t\t<p>Dall'11 al 14 marzo abbiamo ricevuto la visita dell'\u00e9quipe responsabile del Cammino Neocatecumenale in Brasile, don Jos\u00e9 Folqu\u00e9, Raul Viana e Antonia Maria Santiago.<\/p>\n<p>Gioved\u00ec sera abbiamo celebrato l'Eucaristia. Alla celebrazione erano presenti anche l'\u00e9quipe di catechisti di Betlemme e il consiglio amministrativo del seminario.<\/p>\t\t\t\t\t\t\t\t<\/div>\n\t\t\t\t<\/div>\n\t\t\t\t\t<\/div>\n\t\t<\/div>\n\t\t\t\t<div class=\"elementor-column elementor-col-50 elementor-top-column elementor-element elementor-element-de7030d\" data-id=\"de7030d\" data-element_type=\"column\" data-e-type=\"column\">\n\t\t\t<div class=\"elementor-widget-wrap elementor-element-populated\">\n\t\t\t\t\t\t<div class=\"elementor-element elementor-element-5a9f116 elementor-widget__width-initial elementor-arrows-position-inside elementor-pagination-position-outside elementor-widget elementor-widget-image-carousel\" data-id=\"5a9f116\" data-element_type=\"widget\" data-e-type=\"widget\" data-settings=\"{&quot;slides_to_show&quot;:&quot;1&quot;,&quot;navigation&quot;:&quot;both&quot;,&quot;autoplay&quot;:&quot;yes&quot;,&quot;pause_on_hover&quot;:&quot;yes&quot;,&quot;pause_on_interaction&quot;:&quot;yes&quot;,&quot;autoplay_speed&quot;:5000,&quot;infinite&quot;:&quot;yes&quot;,&quot;effect&quot;:&quot;slide&quot;,&quot;speed&quot;:500}\" data-widget_type=\"image-carousel.default\">\n\t\t\t\t<div class=\"elementor-widget-container\">\n\t\t\t\t\t\t\t<div class=\"elementor-image-carousel-wrapper swiper\" role=\"region\" aria-roledescription=\"carousel\" aria-label=\"Carrossel de imagem\" dir=\"ltr\">\n\t\t\t<div class=\"elementor-image-carousel swiper-wrapper\" aria-live=\"off\">\n\t\t\t\t\t\t\t\t<div class=\"swiper-slide\" role=\"group\" aria-roledescription=\"slide\" aria-label=\"1 de 3\"><figure class=\"swiper-slide-inner\"><img decoding=\"async\" class=\"swiper-slide-image\" src=\"http:\/\/rmaterbelem.org.br\/wp-content\/uploads\/2024\/03\/DSC_0209-1024x685.jpg\" alt=\"DSC_0209\" \/><\/figure><\/div><div class=\"swiper-slide\" role=\"group\" aria-roledescription=\"slide\" aria-label=\"2 de 3\"><figure class=\"swiper-slide-inner\"><img decoding=\"async\" class=\"swiper-slide-image\" src=\"http:\/\/rmaterbelem.org.br\/wp-content\/uploads\/2024\/03\/DSC_0190-1024x685.jpg\" alt=\"DSC_0190\" \/><\/figure><\/div><div class=\"swiper-slide\" role=\"group\" aria-roledescription=\"slide\" aria-label=\"3 de 3\"><figure class=\"swiper-slide-inner\"><img decoding=\"async\" class=\"swiper-slide-image\" src=\"http:\/\/rmaterbelem.org.br\/wp-content\/uploads\/2024\/03\/DSC_0204-scaled-e1710600452873-1024x736.jpg\" alt=\"DSC_0204\" \/><\/figure><\/div>\t\t\t<\/div>\n\t\t\t\t\t\t\t\t\t\t\t\t<div class=\"elementor-swiper-button elementor-swiper-button-prev\" role=\"button\" tabindex=\"0\">\n\t\t\t\t\t\t<i aria-hidden=\"true\" class=\"fas fa-angle-left\"><\/i>\t\t\t\t\t<\/div>\n\t\t\t\t\t<div class=\"elementor-swiper-button elementor-swiper-button-next\" role=\"button\" tabindex=\"0\">\n\t\t\t\t\t\t<i aria-hidden=\"true\" class=\"fas fa-angle-right\"><\/i>\t\t\t\t\t<\/div>\n\t\t\t\t\n\t\t\t\t\t\t\t\t\t<div class=\"swiper-pagination\"><\/div>\n\t\t\t\t\t\t\t\t\t<\/div>\n\t\t\t\t\t\t<\/div>\n\t\t\t\t<\/div>\n\t\t\t\t\t<\/div>\n\t\t<\/div>\n\t\t\t\t\t<\/div>\n\t\t<\/section>\n\t\t\t\t<section class=\"elementor-section elementor-top-section elementor-element elementor-element-d551c6c elementor-section-boxed elementor-section-height-default elementor-section-height-default wpr-particle-no wpr-jarallax-no wpr-parallax-no wpr-sticky-section-no wpr-equal-height-no\" data-id=\"d551c6c\" data-element_type=\"section\" data-e-type=\"section\">\n\t\t\t\t\t\t<div class=\"elementor-container elementor-column-gap-default\">\n\t\t\t\t\t<div class=\"elementor-column elementor-col-100 elementor-top-column elementor-element elementor-element-bee5f30\" data-id=\"bee5f30\" data-element_type=\"column\" data-e-type=\"column\">\n\t\t\t<div class=\"elementor-widget-wrap\">\n\t\t\t\t\t\t\t<\/div>\n\t\t<\/div>\n\t\t\t\t\t<\/div>\n\t\t<\/section>\n\t\t\t\t<\/div>","protected":false},"excerpt":{"rendered":"<p>Entre os dias 11\/03 a 14\/03 recebemos a visita da equipe respons\u00e1vel pelo Caminho Neocatecumenal no Brasil, Pe. Jos\u00e9 Folqu\u00e9, Raul Viana e Antonia Maria Santiago. Na quinta-feira pela noite celebramos uma Eucaristia. Na celebra\u00e7\u00e3o tamb\u00e9m estavam presentes a equipe de catequistas de Bel\u00e9m e o conselho administrativo do semin\u00e1rio.<\/p>","protected":false},"author":8,"featured_media":1606,"comment_status":"closed","ping_status":"open","sticky":false,"template":"","format":"standard","meta":{"wp_popup_display_lightbox":0,"wp_popup_suppress":"","wp_popup_trigger":"","wp_popup_trigger_amount":0,"wp_popup_disable_on_mobile":false,"footnotes":""},"categories":[7,8],"tags":[],"class_list":["post-1569","post","type-post","status-publish","format-standard","has-post-thumbnail","hentry","category-noticias","category-visitas"],"_links":{"self":[{"href":"https:\/\/rmaterbelem.org.br\/it\/wp-json\/wp\/v2\/posts\/1569","targetHints":{"allow":["GET"]}}],"collection":[{"href":"https:\/\/rmaterbelem.org.br\/it\/wp-json\/wp\/v2\/posts"}],"about":[{"href":"https:\/\/rmaterbelem.org.br\/it\/wp-json\/wp\/v2\/types\/post"}],"author":[{"embeddable":true,"href":"https:\/\/rmaterbelem.org.br\/it\/wp-json\/wp\/v2\/users\/8"}],"replies":[{"embeddable":true,"href":"https:\/\/rmaterbelem.org.br\/it\/wp-json\/wp\/v2\/comments?post=1569"}],"version-history":[{"count":33,"href":"https:\/\/rmaterbelem.org.br\/it\/wp-json\/wp\/v2\/posts\/1569\/revisions"}],"predecessor-version":[{"id":1608,"href":"https:\/\/rmaterbelem.org.br\/it\/wp-json\/wp\/v2\/posts\/1569\/revisions\/1608"}],"wp:featuredmedia":[{"embeddable":true,"href":"https:\/\/rmaterbelem.org.br\/it\/wp-json\/wp\/v2\/media\/1606"}],"wp:attachment":[{"href":"https:\/\/rmaterbelem.org.br\/it\/wp-json\/wp\/v2\/media?parent=1569"}],"wp:term":[{"taxonomy":"category","embeddable":true,"href":"https:\/\/rmaterbelem.org.br\/it\/wp-json\/wp\/v2\/categories?post=1569"},{"taxonomy":"post_tag","embeddable":true,"href":"https:\/\/rmaterbelem.org.br\/it\/wp-json\/wp\/v2\/tags?post=1569"}],"curies":[{"name":"wp","href":"https:\/\/api.w.org\/{rel}","templated":true}]}}