{"id":1654,"date":"2024-05-30T09:30:52","date_gmt":"2024-05-30T12:30:52","guid":{"rendered":"https:\/\/rmaterbelem.org.br\/?p=1654"},"modified":"2024-06-24T09:45:36","modified_gmt":"2024-06-24T12:45:36","slug":"solenidade-de-corpus-christi","status":"publish","type":"post","link":"https:\/\/rmaterbelem.org.br\/it\/solenidade-de-corpus-christi\/","title":{"rendered":"Solenidade de Corpus Christi"},"content":{"rendered":"<div data-elementor-type=\"wp-post\" data-elementor-id=\"1654\" class=\"elementor elementor-1654\">\n\t\t\t\t\t\t<section class=\"elementor-section elementor-top-section elementor-element elementor-element-61337f16 elementor-section-boxed elementor-section-height-default elementor-section-height-default wpr-particle-no wpr-jarallax-no wpr-parallax-no wpr-sticky-section-no wpr-equal-height-no\" data-id=\"61337f16\" data-element_type=\"section\" data-e-type=\"section\">\n\t\t\t\t\t\t<div class=\"elementor-container elementor-column-gap-default\">\n\t\t\t\t\t<div class=\"elementor-column elementor-col-100 elementor-top-column elementor-element elementor-element-580e5d4d\" data-id=\"580e5d4d\" data-element_type=\"column\" data-e-type=\"column\">\n\t\t\t<div class=\"elementor-widget-wrap elementor-element-populated\">\n\t\t\t\t\t\t<div class=\"elementor-element elementor-element-2b5e3742 elementor-widget elementor-widget-text-editor\" data-id=\"2b5e3742\" data-element_type=\"widget\" data-e-type=\"widget\" data-widget_type=\"text-editor.default\">\n\t\t\t\t<div class=\"elementor-widget-container\">\n\t\t\t\t\t\t\t\t\tNa Quinta-feira, 30 de maio, comemorou-se a Solenidade do Corpus Christi. O semin\u00e1rio se fez presente na Celebra\u00e7\u00e3o Eucar\u00edstica presidida pelo Bispo Auxiliar da Arquidiocese de Bel\u00e9m, Dom Paulo Andreolli, na par\u00f3quia Nossa Senhora do Carmo em Benevides &#8211; PA.\nAp\u00f3s a Celebra\u00e7\u00e3o sa\u00edmos em prociss\u00e3o at\u00e9 a par\u00f3quia.\nEstiverem presentes todas as par\u00f3quias da regi\u00e3o episcopal Nossa Senhora do \u00d3.\t\t\t\t\t\t\t\t<\/div>\n\t\t\t\t<\/div>\n\t\t\t\t<div class=\"elementor-element elementor-element-98da3fc elementor-widget elementor-widget-image-gallery\" data-id=\"98da3fc\" data-element_type=\"widget\" data-e-type=\"widget\" data-widget_type=\"image-gallery.default\">\n\t\t\t\t<div class=\"elementor-widget-container\">\n\t\t\t\t\t\t\t<div class=\"elementor-image-gallery\">\n\t\t\t\n<a data-elementor-open-lightbox=\"yes\" data-elementor-lightbox-slideshow=\"98da3fc\" data-elementor-lightbox-title=\"7\" data-e-action-hash=\"#elementor-action%3Aaction%3Dlightbox%26settings%3DeyJpZCI6MTY2NiwidXJsIjoiaHR0cHM6XC9cL3JtYXRlcmJlbGVtLm9yZy5iclwvd3AtY29udGVudFwvdXBsb2Fkc1wvMjAyNFwvMDVcLzctc2NhbGVkLmpwZyIsInNsaWRlc2hvdyI6Ijk4ZGEzZmMifQ%3D%3D\" href='https:\/\/rmaterbelem.org.br\/wp-content\/uploads\/2024\/05\/7-scaled.jpg'><img decoding=\"async\" width=\"150\" height=\"150\" src=\"https:\/\/rmaterbelem.org.br\/wp-content\/uploads\/2024\/05\/7-150x150.jpg\" class=\"attachment-thumbnail size-thumbnail\" alt=\"\" \/><\/a>\n<a data-elementor-open-lightbox=\"yes\" data-elementor-lightbox-slideshow=\"98da3fc\" data-elementor-lightbox-title=\"6\" data-e-action-hash=\"#elementor-action%3Aaction%3Dlightbox%26settings%3DeyJpZCI6MTY2NSwidXJsIjoiaHR0cHM6XC9cL3JtYXRlcmJlbGVtLm9yZy5iclwvd3AtY29udGVudFwvdXBsb2Fkc1wvMjAyNFwvMDVcLzYtc2NhbGVkLmpwZyIsInNsaWRlc2hvdyI6Ijk4ZGEzZmMifQ%3D%3D\" href='https:\/\/rmaterbelem.org.br\/wp-content\/uploads\/2024\/05\/6-scaled.jpg'><img decoding=\"async\" width=\"150\" height=\"150\" src=\"https:\/\/rmaterbelem.org.br\/wp-content\/uploads\/2024\/05\/6-150x150.jpg\" class=\"attachment-thumbnail size-thumbnail\" alt=\"\" \/><\/a>\n<a data-elementor-open-lightbox=\"yes\" data-elementor-lightbox-slideshow=\"98da3fc\" data-elementor-lightbox-title=\"5\" data-e-action-hash=\"#elementor-action%3Aaction%3Dlightbox%26settings%3DeyJpZCI6MTY2MiwidXJsIjoiaHR0cHM6XC9cL3JtYXRlcmJlbGVtLm9yZy5iclwvd3AtY29udGVudFwvdXBsb2Fkc1wvMjAyNFwvMDVcLzUtc2NhbGVkLmpwZyIsInNsaWRlc2hvdyI6Ijk4ZGEzZmMifQ%3D%3D\" href='https:\/\/rmaterbelem.org.br\/wp-content\/uploads\/2024\/05\/5-scaled.jpg'><img decoding=\"async\" width=\"150\" height=\"150\" src=\"https:\/\/rmaterbelem.org.br\/wp-content\/uploads\/2024\/05\/5-150x150.jpg\" class=\"attachment-thumbnail size-thumbnail\" alt=\"\" \/><\/a>\n<a data-elementor-open-lightbox=\"yes\" data-elementor-lightbox-slideshow=\"98da3fc\" data-elementor-lightbox-title=\"4\" data-e-action-hash=\"#elementor-action%3Aaction%3Dlightbox%26settings%3DeyJpZCI6MTY2MSwidXJsIjoiaHR0cHM6XC9cL3JtYXRlcmJlbGVtLm9yZy5iclwvd3AtY29udGVudFwvdXBsb2Fkc1wvMjAyNFwvMDVcLzQtc2NhbGVkLmpwZyIsInNsaWRlc2hvdyI6Ijk4ZGEzZmMifQ%3D%3D\" href='https:\/\/rmaterbelem.org.br\/wp-content\/uploads\/2024\/05\/4-scaled.jpg'><img loading=\"lazy\" decoding=\"async\" width=\"150\" height=\"150\" src=\"https:\/\/rmaterbelem.org.br\/wp-content\/uploads\/2024\/05\/4-150x150.jpg\" class=\"attachment-thumbnail size-thumbnail\" alt=\"\" \/><\/a>\n<a data-elementor-open-lightbox=\"yes\" data-elementor-lightbox-slideshow=\"98da3fc\" data-elementor-lightbox-title=\"3\" data-e-action-hash=\"#elementor-action%3Aaction%3Dlightbox%26settings%3DeyJpZCI6MTY2MCwidXJsIjoiaHR0cHM6XC9cL3JtYXRlcmJlbGVtLm9yZy5iclwvd3AtY29udGVudFwvdXBsb2Fkc1wvMjAyNFwvMDVcLzMtc2NhbGVkLmpwZyIsInNsaWRlc2hvdyI6Ijk4ZGEzZmMifQ%3D%3D\" href='https:\/\/rmaterbelem.org.br\/wp-content\/uploads\/2024\/05\/3-scaled.jpg'><img loading=\"lazy\" decoding=\"async\" width=\"150\" height=\"150\" src=\"https:\/\/rmaterbelem.org.br\/wp-content\/uploads\/2024\/05\/3-150x150.jpg\" class=\"attachment-thumbnail size-thumbnail\" alt=\"\" \/><\/a>\n<a data-elementor-open-lightbox=\"yes\" data-elementor-lightbox-slideshow=\"98da3fc\" data-elementor-lightbox-title=\"2\" data-e-action-hash=\"#elementor-action%3Aaction%3Dlightbox%26settings%3DeyJpZCI6MTY1OSwidXJsIjoiaHR0cHM6XC9cL3JtYXRlcmJlbGVtLm9yZy5iclwvd3AtY29udGVudFwvdXBsb2Fkc1wvMjAyNFwvMDVcLzItc2NhbGVkLmpwZyIsInNsaWRlc2hvdyI6Ijk4ZGEzZmMifQ%3D%3D\" href='https:\/\/rmaterbelem.org.br\/wp-content\/uploads\/2024\/05\/2-scaled.jpg'><img loading=\"lazy\" decoding=\"async\" width=\"150\" height=\"150\" src=\"https:\/\/rmaterbelem.org.br\/wp-content\/uploads\/2024\/05\/2-150x150.jpg\" class=\"attachment-thumbnail size-thumbnail\" alt=\"\" \/><\/a>\n<a data-elementor-open-lightbox=\"yes\" data-elementor-lightbox-slideshow=\"98da3fc\" data-elementor-lightbox-title=\"1\" data-e-action-hash=\"#elementor-action%3Aaction%3Dlightbox%26settings%3DeyJpZCI6MTY1NywidXJsIjoiaHR0cHM6XC9cL3JtYXRlcmJlbGVtLm9yZy5iclwvd3AtY29udGVudFwvdXBsb2Fkc1wvMjAyNFwvMDVcLzEtc2NhbGVkLmpwZyIsInNsaWRlc2hvdyI6Ijk4ZGEzZmMifQ%3D%3D\" href='https:\/\/rmaterbelem.org.br\/wp-content\/uploads\/2024\/05\/1-scaled.jpg'><img loading=\"lazy\" decoding=\"async\" width=\"150\" height=\"150\" src=\"https:\/\/rmaterbelem.org.br\/wp-content\/uploads\/2024\/05\/1-150x150.jpg\" class=\"attachment-thumbnail size-thumbnail\" alt=\"\" \/><\/a>\n\t\t<\/div>\n\t\t\t\t\t\t<\/div>\n\t\t\t\t<\/div>\n\t\t\t\t\t<\/div>\n\t\t<\/div>\n\t\t\t\t\t<\/div>\n\t\t<\/section>\n\t\t\t\t<\/div>","protected":false},"excerpt":{"rendered":"<p>Na Quinta-feira, 30 de maio, comemorou-se a Solenidade do Corpus Christi. O semin\u00e1rio se fez presente na Celebra\u00e7\u00e3o Eucar\u00edstica presidida pelo Bispo Auxiliar da Arquidiocese de Bel\u00e9m, Dom Paulo Andreolli, na par\u00f3quia Nossa Senhora do Carmo em Benevides &#8211; PA. Ap\u00f3s a Celebra\u00e7\u00e3o sa\u00edmos em prociss\u00e3o at\u00e9 a par\u00f3quia. Estiverem presentes todas as par\u00f3quias da regi\u00e3o episcopal Nossa Senhora do \u00d3.<\/p>","protected":false},"author":2,"featured_media":1655,"comment_status":"closed","ping_status":"open","sticky":false,"template":"","format":"standard","meta":{"wp_popup_display_lightbox":0,"wp_popup_suppress":"","wp_popup_trigger":"","wp_popup_trigger_amount":0,"wp_popup_disable_on_mobile":false,"footnotes":""},"categories":[7],"tags":[],"class_list":["post-1654","post","type-post","status-publish","format-standard","has-post-thumbnail","hentry","category-noticias"],"_links":{"self":[{"href":"https:\/\/rmaterbelem.org.br\/it\/wp-json\/wp\/v2\/posts\/1654","targetHints":{"allow":["GET"]}}],"collection":[{"href":"https:\/\/rmaterbelem.org.br\/it\/wp-json\/wp\/v2\/posts"}],"about":[{"href":"https:\/\/rmaterbelem.org.br\/it\/wp-json\/wp\/v2\/types\/post"}],"author":[{"embeddable":true,"href":"https:\/\/rmaterbelem.org.br\/it\/wp-json\/wp\/v2\/users\/2"}],"replies":[{"embeddable":true,"href":"https:\/\/rmaterbelem.org.br\/it\/wp-json\/wp\/v2\/comments?post=1654"}],"version-history":[{"count":8,"href":"https:\/\/rmaterbelem.org.br\/it\/wp-json\/wp\/v2\/posts\/1654\/revisions"}],"predecessor-version":[{"id":1673,"href":"https:\/\/rmaterbelem.org.br\/it\/wp-json\/wp\/v2\/posts\/1654\/revisions\/1673"}],"wp:featuredmedia":[{"embeddable":true,"href":"https:\/\/rmaterbelem.org.br\/it\/wp-json\/wp\/v2\/media\/1655"}],"wp:attachment":[{"href":"https:\/\/rmaterbelem.org.br\/it\/wp-json\/wp\/v2\/media?parent=1654"}],"wp:term":[{"taxonomy":"category","embeddable":true,"href":"https:\/\/rmaterbelem.org.br\/it\/wp-json\/wp\/v2\/categories?post=1654"},{"taxonomy":"post_tag","embeddable":true,"href":"https:\/\/rmaterbelem.org.br\/it\/wp-json\/wp\/v2\/tags?post=1654"}],"curies":[{"name":"wp","href":"https:\/\/api.w.org\/{rel}","templated":true}]}}