{"id":1674,"date":"2024-05-19T09:46:34","date_gmt":"2024-05-19T12:46:34","guid":{"rendered":"https:\/\/rmaterbelem.org.br\/?p=1674"},"modified":"2024-06-24T09:51:40","modified_gmt":"2024-06-24T12:51:40","slug":"domingo-de-pentecostes","status":"publish","type":"post","link":"https:\/\/rmaterbelem.org.br\/it\/domingo-de-pentecostes\/","title":{"rendered":"Domingo de Pentecostes"},"content":{"rendered":"<div data-elementor-type=\"wp-post\" data-elementor-id=\"1674\" class=\"elementor elementor-1674\">\n\t\t\t\t\t\t<section class=\"elementor-section elementor-top-section elementor-element elementor-element-22fc0347 elementor-section-boxed elementor-section-height-default elementor-section-height-default wpr-particle-no wpr-jarallax-no wpr-parallax-no wpr-sticky-section-no wpr-equal-height-no\" data-id=\"22fc0347\" data-element_type=\"section\" data-e-type=\"section\">\n\t\t\t\t\t\t<div class=\"elementor-container elementor-column-gap-default\">\n\t\t\t\t\t<div class=\"elementor-column elementor-col-100 elementor-top-column elementor-element elementor-element-419dea6e\" data-id=\"419dea6e\" data-element_type=\"column\" data-e-type=\"column\">\n\t\t\t<div class=\"elementor-widget-wrap elementor-element-populated\">\n\t\t\t\t\t\t<div class=\"elementor-element elementor-element-40d856c5 elementor-widget elementor-widget-text-editor\" data-id=\"40d856c5\" data-element_type=\"widget\" data-e-type=\"widget\" data-widget_type=\"text-editor.default\">\n\t\t\t\t<div class=\"elementor-widget-container\">\n\t\t\t\t\t\t\t\t\t<div dir=\"ltr\">No \u00faltimo domingo, 19 de maio, a Igreja encerrou o Tempo Pascal de 2024. No semin\u00e1rio rezamos as V\u00e9speras\u00a0 Solenes e no final apagamos o C\u00edrio Pascal, que nos acompanhou durante toda a P\u00e1scoa.<\/div>\t\t\t\t\t\t\t\t<\/div>\n\t\t\t\t<\/div>\n\t\t\t\t<div class=\"elementor-element elementor-element-2aae0ee elementor-widget elementor-widget-image-gallery\" data-id=\"2aae0ee\" data-element_type=\"widget\" data-e-type=\"widget\" data-widget_type=\"image-gallery.default\">\n\t\t\t\t<div class=\"elementor-widget-container\">\n\t\t\t\t\t\t\t<div class=\"elementor-image-gallery\">\n\t\t\t\n<a data-elementor-open-lightbox=\"yes\" data-elementor-lightbox-slideshow=\"2aae0ee\" data-elementor-lightbox-title=\"1\" data-e-action-hash=\"#elementor-action%3Aaction%3Dlightbox%26settings%3DeyJpZCI6MTY3NywidXJsIjoiaHR0cHM6XC9cL3JtYXRlcmJlbGVtLm9yZy5iclwvd3AtY29udGVudFwvdXBsb2Fkc1wvMjAyNFwvMDZcLzEtc2NhbGVkLmpwZyIsInNsaWRlc2hvdyI6IjJhYWUwZWUifQ%3D%3D\" href='https:\/\/rmaterbelem.org.br\/wp-content\/uploads\/2024\/06\/1-scaled.jpg'><img decoding=\"async\" width=\"150\" height=\"150\" src=\"https:\/\/rmaterbelem.org.br\/wp-content\/uploads\/2024\/06\/1-150x150.jpg\" class=\"attachment-thumbnail size-thumbnail\" alt=\"\" \/><\/a>\n<a data-elementor-open-lightbox=\"yes\" data-elementor-lightbox-slideshow=\"2aae0ee\" data-elementor-lightbox-title=\"2\" data-e-action-hash=\"#elementor-action%3Aaction%3Dlightbox%26settings%3DeyJpZCI6MTY3OCwidXJsIjoiaHR0cHM6XC9cL3JtYXRlcmJlbGVtLm9yZy5iclwvd3AtY29udGVudFwvdXBsb2Fkc1wvMjAyNFwvMDZcLzItc2NhbGVkLmpwZyIsInNsaWRlc2hvdyI6IjJhYWUwZWUifQ%3D%3D\" href='https:\/\/rmaterbelem.org.br\/wp-content\/uploads\/2024\/06\/2-scaled.jpg'><img decoding=\"async\" width=\"150\" height=\"150\" src=\"https:\/\/rmaterbelem.org.br\/wp-content\/uploads\/2024\/06\/2-150x150.jpg\" class=\"attachment-thumbnail size-thumbnail\" alt=\"\" \/><\/a>\n<a data-elementor-open-lightbox=\"yes\" data-elementor-lightbox-slideshow=\"2aae0ee\" data-elementor-lightbox-title=\"3\" data-e-action-hash=\"#elementor-action%3Aaction%3Dlightbox%26settings%3DeyJpZCI6MTY3OSwidXJsIjoiaHR0cHM6XC9cL3JtYXRlcmJlbGVtLm9yZy5iclwvd3AtY29udGVudFwvdXBsb2Fkc1wvMjAyNFwvMDZcLzMtc2NhbGVkLmpwZyIsInNsaWRlc2hvdyI6IjJhYWUwZWUifQ%3D%3D\" href='https:\/\/rmaterbelem.org.br\/wp-content\/uploads\/2024\/06\/3-scaled.jpg'><img decoding=\"async\" width=\"150\" height=\"150\" src=\"https:\/\/rmaterbelem.org.br\/wp-content\/uploads\/2024\/06\/3-150x150.jpg\" class=\"attachment-thumbnail size-thumbnail\" alt=\"\" \/><\/a>\n<a data-elementor-open-lightbox=\"yes\" data-elementor-lightbox-slideshow=\"2aae0ee\" data-elementor-lightbox-title=\"4\" data-e-action-hash=\"#elementor-action%3Aaction%3Dlightbox%26settings%3DeyJpZCI6MTY4MCwidXJsIjoiaHR0cHM6XC9cL3JtYXRlcmJlbGVtLm9yZy5iclwvd3AtY29udGVudFwvdXBsb2Fkc1wvMjAyNFwvMDZcLzQtc2NhbGVkLmpwZyIsInNsaWRlc2hvdyI6IjJhYWUwZWUifQ%3D%3D\" href='https:\/\/rmaterbelem.org.br\/wp-content\/uploads\/2024\/06\/4-scaled.jpg'><img loading=\"lazy\" decoding=\"async\" width=\"150\" height=\"150\" src=\"https:\/\/rmaterbelem.org.br\/wp-content\/uploads\/2024\/06\/4-150x150.jpg\" class=\"attachment-thumbnail size-thumbnail\" alt=\"\" \/><\/a>\n\t\t<\/div>\n\t\t\t\t\t\t<\/div>\n\t\t\t\t<\/div>\n\t\t\t\t\t<\/div>\n\t\t<\/div>\n\t\t\t\t\t<\/div>\n\t\t<\/section>\n\t\t\t\t<\/div>","protected":false},"excerpt":{"rendered":"<p>No \u00faltimo domingo, 19 de maio, a Igreja encerrou o Tempo Pascal de 2024. No semin\u00e1rio rezamos as V\u00e9speras\u00a0 Solenes e no final apagamos o C\u00edrio Pascal, que nos acompanhou durante toda a P\u00e1scoa.<\/p>","protected":false},"author":2,"featured_media":1677,"comment_status":"closed","ping_status":"open","sticky":false,"template":"","format":"standard","meta":{"wp_popup_display_lightbox":0,"wp_popup_suppress":"","wp_popup_trigger":"","wp_popup_trigger_amount":0,"wp_popup_disable_on_mobile":false,"footnotes":""},"categories":[7],"tags":[],"class_list":["post-1674","post","type-post","status-publish","format-standard","has-post-thumbnail","hentry","category-noticias"],"_links":{"self":[{"href":"https:\/\/rmaterbelem.org.br\/it\/wp-json\/wp\/v2\/posts\/1674","targetHints":{"allow":["GET"]}}],"collection":[{"href":"https:\/\/rmaterbelem.org.br\/it\/wp-json\/wp\/v2\/posts"}],"about":[{"href":"https:\/\/rmaterbelem.org.br\/it\/wp-json\/wp\/v2\/types\/post"}],"author":[{"embeddable":true,"href":"https:\/\/rmaterbelem.org.br\/it\/wp-json\/wp\/v2\/users\/2"}],"replies":[{"embeddable":true,"href":"https:\/\/rmaterbelem.org.br\/it\/wp-json\/wp\/v2\/comments?post=1674"}],"version-history":[{"count":5,"href":"https:\/\/rmaterbelem.org.br\/it\/wp-json\/wp\/v2\/posts\/1674\/revisions"}],"predecessor-version":[{"id":1684,"href":"https:\/\/rmaterbelem.org.br\/it\/wp-json\/wp\/v2\/posts\/1674\/revisions\/1684"}],"wp:featuredmedia":[{"embeddable":true,"href":"https:\/\/rmaterbelem.org.br\/it\/wp-json\/wp\/v2\/media\/1677"}],"wp:attachment":[{"href":"https:\/\/rmaterbelem.org.br\/it\/wp-json\/wp\/v2\/media?parent=1674"}],"wp:term":[{"taxonomy":"category","embeddable":true,"href":"https:\/\/rmaterbelem.org.br\/it\/wp-json\/wp\/v2\/categories?post=1674"},{"taxonomy":"post_tag","embeddable":true,"href":"https:\/\/rmaterbelem.org.br\/it\/wp-json\/wp\/v2\/tags?post=1674"}],"curies":[{"name":"wp","href":"https:\/\/api.w.org\/{rel}","templated":true}]}}