{"id":1685,"date":"2024-06-08T09:52:00","date_gmt":"2024-06-08T12:52:00","guid":{"rendered":"https:\/\/rmaterbelem.org.br\/?p=1685"},"modified":"2024-06-24T09:59:23","modified_gmt":"2024-06-24T12:59:23","slug":"visita-dos-vocacionados","status":"publish","type":"post","link":"https:\/\/rmaterbelem.org.br\/it\/visita-dos-vocacionados\/","title":{"rendered":"Visita dos vocacionados"},"content":{"rendered":"<div data-elementor-type=\"wp-post\" data-elementor-id=\"1685\" class=\"elementor elementor-1685\">\n\t\t\t\t\t\t<section class=\"elementor-section elementor-top-section elementor-element elementor-element-54aee3e1 elementor-section-boxed elementor-section-height-default elementor-section-height-default wpr-particle-no wpr-jarallax-no wpr-parallax-no wpr-sticky-section-no wpr-equal-height-no\" data-id=\"54aee3e1\" data-element_type=\"section\" data-e-type=\"section\">\n\t\t\t\t\t\t<div class=\"elementor-container elementor-column-gap-default\">\n\t\t\t\t\t<div class=\"elementor-column elementor-col-100 elementor-top-column elementor-element elementor-element-69b991f2\" data-id=\"69b991f2\" data-element_type=\"column\" data-e-type=\"column\">\n\t\t\t<div class=\"elementor-widget-wrap elementor-element-populated\">\n\t\t\t\t\t\t<div class=\"elementor-element elementor-element-5e9e32d3 elementor-widget elementor-widget-text-editor\" data-id=\"5e9e32d3\" data-element_type=\"widget\" data-e-type=\"widget\" data-widget_type=\"text-editor.default\">\n\t\t\t\t<div class=\"elementor-widget-container\">\n\t\t\t\t\t\t\t\t\tNo dia 08 de junho recebemos no semin\u00e1rio os vocacionados pertencentes \u00e0s comunidades do Caminho Neocatecumenal no semin\u00e1rio, juntamente com a equipe respons\u00e1vel, o casal Edilson e Iara, da par\u00f3quia Jesus Bom Samaritano, e o pe. Rinaldo, tamb\u00e9m atual diretor espiritual do semin\u00e1rio, que a partir desse ano se juntou \u00e0 equipe. Os vocacionados tiveram um momento de perscruta\u00e7\u00e3o da Palavra e depois rezamos juntos a Hora M\u00e9dia seguido pelo almo\u00e7o.\r\nRezemos pelas voca\u00e7\u00f5es.\t\t\t\t\t\t\t\t<\/div>\n\t\t\t\t<\/div>\n\t\t\t\t<div class=\"elementor-element elementor-element-0497af1 elementor-widget elementor-widget-image-gallery\" data-id=\"0497af1\" data-element_type=\"widget\" data-e-type=\"widget\" data-widget_type=\"image-gallery.default\">\n\t\t\t\t<div class=\"elementor-widget-container\">\n\t\t\t\t\t\t\t<div class=\"elementor-image-gallery\">\n\t\t\t<div id='gallery-1' class='gallery galleryid-1685 gallery-columns-4 gallery-size-thumbnail'><figure class='gallery-item'>\n\t\t\t<div class='gallery-icon landscape'>\n\t\t\t\t<a data-elementor-open-lightbox=\"yes\" data-elementor-lightbox-slideshow=\"0497af1\" data-elementor-lightbox-title=\"1\" data-e-action-hash=\"#elementor-action%3Aaction%3Dlightbox%26settings%3DeyJpZCI6MTY4OCwidXJsIjoiaHR0cHM6XC9cL3JtYXRlcmJlbGVtLm9yZy5iclwvd3AtY29udGVudFwvdXBsb2Fkc1wvMjAyNFwvMDZcLzEtMS1zY2FsZWQuanBnIiwic2xpZGVzaG93IjoiMDQ5N2FmMSJ9\" href='https:\/\/rmaterbelem.org.br\/wp-content\/uploads\/2024\/06\/1-1-scaled.jpg'><img decoding=\"async\" width=\"150\" height=\"150\" src=\"https:\/\/rmaterbelem.org.br\/wp-content\/uploads\/2024\/06\/1-1-150x150.jpg\" class=\"attachment-thumbnail size-thumbnail\" alt=\"\" \/><\/a>\n\t\t\t<\/div><\/figure><figure class='gallery-item'>\n\t\t\t<div class='gallery-icon landscape'>\n\t\t\t\t<a data-elementor-open-lightbox=\"yes\" data-elementor-lightbox-slideshow=\"0497af1\" data-elementor-lightbox-title=\"2\" data-e-action-hash=\"#elementor-action%3Aaction%3Dlightbox%26settings%3DeyJpZCI6MTY4OSwidXJsIjoiaHR0cHM6XC9cL3JtYXRlcmJlbGVtLm9yZy5iclwvd3AtY29udGVudFwvdXBsb2Fkc1wvMjAyNFwvMDZcLzItMS1zY2FsZWQuanBnIiwic2xpZGVzaG93IjoiMDQ5N2FmMSJ9\" href='https:\/\/rmaterbelem.org.br\/wp-content\/uploads\/2024\/06\/2-1-scaled.jpg'><img decoding=\"async\" width=\"150\" height=\"150\" src=\"https:\/\/rmaterbelem.org.br\/wp-content\/uploads\/2024\/06\/2-1-150x150.jpg\" class=\"attachment-thumbnail size-thumbnail\" alt=\"\" \/><\/a>\n\t\t\t<\/div><\/figure><figure class='gallery-item'>\n\t\t\t<div class='gallery-icon landscape'>\n\t\t\t\t<a data-elementor-open-lightbox=\"yes\" data-elementor-lightbox-slideshow=\"0497af1\" data-elementor-lightbox-title=\"3\" data-e-action-hash=\"#elementor-action%3Aaction%3Dlightbox%26settings%3DeyJpZCI6MTY5MSwidXJsIjoiaHR0cHM6XC9cL3JtYXRlcmJlbGVtLm9yZy5iclwvd3AtY29udGVudFwvdXBsb2Fkc1wvMjAyNFwvMDZcLzMtMS1zY2FsZWQuanBnIiwic2xpZGVzaG93IjoiMDQ5N2FmMSJ9\" href='https:\/\/rmaterbelem.org.br\/wp-content\/uploads\/2024\/06\/3-1-scaled.jpg'><img decoding=\"async\" width=\"150\" height=\"150\" src=\"https:\/\/rmaterbelem.org.br\/wp-content\/uploads\/2024\/06\/3-1-150x150.jpg\" class=\"attachment-thumbnail size-thumbnail\" alt=\"\" \/><\/a>\n\t\t\t<\/div><\/figure><figure class='gallery-item'>\n\t\t\t<div class='gallery-icon landscape'>\n\t\t\t\t<a data-elementor-open-lightbox=\"yes\" data-elementor-lightbox-slideshow=\"0497af1\" data-elementor-lightbox-title=\"4\" data-e-action-hash=\"#elementor-action%3Aaction%3Dlightbox%26settings%3DeyJpZCI6MTY5MiwidXJsIjoiaHR0cHM6XC9cL3JtYXRlcmJlbGVtLm9yZy5iclwvd3AtY29udGVudFwvdXBsb2Fkc1wvMjAyNFwvMDZcLzQtMS1zY2FsZWQuanBnIiwic2xpZGVzaG93IjoiMDQ5N2FmMSJ9\" href='https:\/\/rmaterbelem.org.br\/wp-content\/uploads\/2024\/06\/4-1-scaled.jpg'><img loading=\"lazy\" decoding=\"async\" width=\"150\" height=\"150\" src=\"https:\/\/rmaterbelem.org.br\/wp-content\/uploads\/2024\/06\/4-1-150x150.jpg\" class=\"attachment-thumbnail size-thumbnail\" alt=\"\" \/><\/a>\n\t\t\t<\/div><\/figure><figure class='gallery-item'>\n\t\t\t<div class='gallery-icon landscape'>\n\t\t\t\t<a data-elementor-open-lightbox=\"yes\" data-elementor-lightbox-slideshow=\"0497af1\" data-elementor-lightbox-title=\"5\" data-e-action-hash=\"#elementor-action%3Aaction%3Dlightbox%26settings%3DeyJpZCI6MTY5MywidXJsIjoiaHR0cHM6XC9cL3JtYXRlcmJlbGVtLm9yZy5iclwvd3AtY29udGVudFwvdXBsb2Fkc1wvMjAyNFwvMDZcLzUtc2NhbGVkLmpwZyIsInNsaWRlc2hvdyI6IjA0OTdhZjEifQ%3D%3D\" href='https:\/\/rmaterbelem.org.br\/wp-content\/uploads\/2024\/06\/5-scaled.jpg'><img loading=\"lazy\" decoding=\"async\" width=\"150\" height=\"150\" src=\"https:\/\/rmaterbelem.org.br\/wp-content\/uploads\/2024\/06\/5-150x150.jpg\" class=\"attachment-thumbnail size-thumbnail\" alt=\"\" \/><\/a>\n\t\t\t<\/div><\/figure><figure class='gallery-item'>\n\t\t\t<div class='gallery-icon landscape'>\n\t\t\t\t<a data-elementor-open-lightbox=\"yes\" data-elementor-lightbox-slideshow=\"0497af1\" data-elementor-lightbox-title=\"6\" data-e-action-hash=\"#elementor-action%3Aaction%3Dlightbox%26settings%3DeyJpZCI6MTY5NCwidXJsIjoiaHR0cHM6XC9cL3JtYXRlcmJlbGVtLm9yZy5iclwvd3AtY29udGVudFwvdXBsb2Fkc1wvMjAyNFwvMDZcLzYtc2NhbGVkLmpwZyIsInNsaWRlc2hvdyI6IjA0OTdhZjEifQ%3D%3D\" href='https:\/\/rmaterbelem.org.br\/wp-content\/uploads\/2024\/06\/6-scaled.jpg'><img loading=\"lazy\" decoding=\"async\" width=\"150\" height=\"150\" src=\"https:\/\/rmaterbelem.org.br\/wp-content\/uploads\/2024\/06\/6-150x150.jpg\" class=\"attachment-thumbnail size-thumbnail\" alt=\"\" \/><\/a>\n\t\t\t<\/div><\/figure><figure class='gallery-item'>\n\t\t\t<div class='gallery-icon landscape'>\n\t\t\t\t<a data-elementor-open-lightbox=\"yes\" data-elementor-lightbox-slideshow=\"0497af1\" data-elementor-lightbox-title=\"7\" data-e-action-hash=\"#elementor-action%3Aaction%3Dlightbox%26settings%3DeyJpZCI6MTY5NSwidXJsIjoiaHR0cHM6XC9cL3JtYXRlcmJlbGVtLm9yZy5iclwvd3AtY29udGVudFwvdXBsb2Fkc1wvMjAyNFwvMDZcLzctc2NhbGVkLmpwZyIsInNsaWRlc2hvdyI6IjA0OTdhZjEifQ%3D%3D\" href='https:\/\/rmaterbelem.org.br\/wp-content\/uploads\/2024\/06\/7-scaled.jpg'><img loading=\"lazy\" decoding=\"async\" width=\"150\" height=\"150\" src=\"https:\/\/rmaterbelem.org.br\/wp-content\/uploads\/2024\/06\/7-150x150.jpg\" class=\"attachment-thumbnail size-thumbnail\" alt=\"\" \/><\/a>\n\t\t\t<\/div><\/figure><figure class='gallery-item'>\n\t\t\t<div class='gallery-icon landscape'>\n\t\t\t\t<a data-elementor-open-lightbox=\"yes\" data-elementor-lightbox-slideshow=\"0497af1\" data-elementor-lightbox-title=\"Destaque\" data-e-action-hash=\"#elementor-action%3Aaction%3Dlightbox%26settings%3DeyJpZCI6MTY5NiwidXJsIjoiaHR0cHM6XC9cL3JtYXRlcmJlbGVtLm9yZy5iclwvd3AtY29udGVudFwvdXBsb2Fkc1wvMjAyNFwvMDZcL0Rlc3RhcXVlLTItc2NhbGVkLmpwZyIsInNsaWRlc2hvdyI6IjA0OTdhZjEifQ%3D%3D\" href='https:\/\/rmaterbelem.org.br\/wp-content\/uploads\/2024\/06\/Destaque-2-scaled.jpg'><img loading=\"lazy\" decoding=\"async\" width=\"150\" height=\"150\" src=\"https:\/\/rmaterbelem.org.br\/wp-content\/uploads\/2024\/06\/Destaque-2-150x150.jpg\" class=\"attachment-thumbnail size-thumbnail\" alt=\"\" \/><\/a>\n\t\t\t<\/div><\/figure>\n\t\t<\/div>\n\t\t<\/div>\n\t\t\t\t\t\t<\/div>\n\t\t\t\t<\/div>\n\t\t\t\t\t<\/div>\n\t\t<\/div>\n\t\t\t\t\t<\/div>\n\t\t<\/section>\n\t\t\t\t<\/div>","protected":false},"excerpt":{"rendered":"<p>No dia 08 de junho recebemos no semin\u00e1rio os vocacionados pertencentes \u00e0s comunidades do Caminho Neocatecumenal no semin\u00e1rio, juntamente com a equipe respons\u00e1vel, o casal Edilson e Iara, da par\u00f3quia Jesus Bom Samaritano, e o pe. Rinaldo, tamb\u00e9m atual diretor espiritual do semin\u00e1rio, que a partir desse ano se juntou \u00e0 equipe. Os vocacionados tiveram um momento de perscruta\u00e7\u00e3o da Palavra e depois rezamos juntos a Hora M\u00e9dia seguido pelo almo\u00e7o. Rezemos pelas voca\u00e7\u00f5es.<\/p>","protected":false},"author":2,"featured_media":1687,"comment_status":"closed","ping_status":"open","sticky":false,"template":"","format":"standard","meta":{"wp_popup_display_lightbox":0,"wp_popup_suppress":"","wp_popup_trigger":"","wp_popup_trigger_amount":0,"wp_popup_disable_on_mobile":false,"footnotes":""},"categories":[7],"tags":[],"class_list":["post-1685","post","type-post","status-publish","format-standard","has-post-thumbnail","hentry","category-noticias"],"_links":{"self":[{"href":"https:\/\/rmaterbelem.org.br\/it\/wp-json\/wp\/v2\/posts\/1685","targetHints":{"allow":["GET"]}}],"collection":[{"href":"https:\/\/rmaterbelem.org.br\/it\/wp-json\/wp\/v2\/posts"}],"about":[{"href":"https:\/\/rmaterbelem.org.br\/it\/wp-json\/wp\/v2\/types\/post"}],"author":[{"embeddable":true,"href":"https:\/\/rmaterbelem.org.br\/it\/wp-json\/wp\/v2\/users\/2"}],"replies":[{"embeddable":true,"href":"https:\/\/rmaterbelem.org.br\/it\/wp-json\/wp\/v2\/comments?post=1685"}],"version-history":[{"count":4,"href":"https:\/\/rmaterbelem.org.br\/it\/wp-json\/wp\/v2\/posts\/1685\/revisions"}],"predecessor-version":[{"id":1699,"href":"https:\/\/rmaterbelem.org.br\/it\/wp-json\/wp\/v2\/posts\/1685\/revisions\/1699"}],"wp:featuredmedia":[{"embeddable":true,"href":"https:\/\/rmaterbelem.org.br\/it\/wp-json\/wp\/v2\/media\/1687"}],"wp:attachment":[{"href":"https:\/\/rmaterbelem.org.br\/it\/wp-json\/wp\/v2\/media?parent=1685"}],"wp:term":[{"taxonomy":"category","embeddable":true,"href":"https:\/\/rmaterbelem.org.br\/it\/wp-json\/wp\/v2\/categories?post=1685"},{"taxonomy":"post_tag","embeddable":true,"href":"https:\/\/rmaterbelem.org.br\/it\/wp-json\/wp\/v2\/tags?post=1685"}],"curies":[{"name":"wp","href":"https:\/\/api.w.org\/{rel}","templated":true}]}}