{"id":1711,"date":"2024-08-02T13:00:07","date_gmt":"2024-08-02T16:00:07","guid":{"rendered":"https:\/\/rmaterbelem.org.br\/?p=1711"},"modified":"2024-08-12T15:11:52","modified_gmt":"2024-08-12T18:11:52","slug":"inicio-do-semestre-2024-2-na-faculdade-catolica-de-belem","status":"publish","type":"post","link":"https:\/\/rmaterbelem.org.br\/it\/inicio-do-semestre-2024-2-na-faculdade-catolica-de-belem\/","title":{"rendered":"Inizio del semestre 2024.2 presso la Facolt\u00e0 Cattolica di Bel\u00e9m"},"content":{"rendered":"<div data-elementor-type=\"wp-post\" data-elementor-id=\"1711\" class=\"elementor elementor-1711\">\n\t\t\t\t\t\t<section class=\"elementor-section elementor-top-section elementor-element elementor-element-38c7c4a9 elementor-section-boxed elementor-section-height-default elementor-section-height-default wpr-particle-no wpr-jarallax-no wpr-parallax-no wpr-sticky-section-no wpr-equal-height-no\" data-id=\"38c7c4a9\" data-element_type=\"section\" data-e-type=\"section\">\n\t\t\t\t\t\t<div class=\"elementor-container elementor-column-gap-default\">\n\t\t\t\t\t<div class=\"elementor-column elementor-col-100 elementor-top-column elementor-element elementor-element-63af9cb2\" data-id=\"63af9cb2\" data-element_type=\"column\" data-e-type=\"column\">\n\t\t\t<div class=\"elementor-widget-wrap elementor-element-populated\">\n\t\t\t\t\t\t<div class=\"elementor-element elementor-element-46e5e686 elementor-widget elementor-widget-text-editor\" data-id=\"46e5e686\" data-element_type=\"widget\" data-e-type=\"widget\" data-widget_type=\"text-editor.default\">\n\t\t\t\t<div class=\"elementor-widget-container\">\n\t\t\t\t\t\t\t\t\tDopo la pausa di luglio, sono ricominciate le attivit\u00e0 accademiche presso la Facolt\u00e0 Cattolica di Bel\u00e9m, l'istituzione dove studiano i seminaristi dell'arcidiocesi di Bel\u00e9m.\n\nIl programma ha visto la partecipazione di monsignor Denilson Geraldo, vescovo ausiliare dell'arcidiocesi di Brasilia, che ha presieduto la celebrazione eucaristica nella parrocchia di San Pio X.\n\nDopo la Messa, Mons. Denilson ha tenuto la conferenza inaugurale su \"Ecclesiologia e metodologia della scienza canonica\".\t\t\t\t\t\t\t\t<\/div>\n\t\t\t\t<\/div>\n\t\t\t\t\t<\/div>\n\t\t<\/div>\n\t\t\t\t\t<\/div>\n\t\t<\/section>\n\t\t\t\t<section class=\"elementor-section elementor-top-section elementor-element elementor-element-b96d240 elementor-section-boxed elementor-section-height-default elementor-section-height-default wpr-particle-no wpr-jarallax-no wpr-parallax-no wpr-sticky-section-no wpr-equal-height-no\" data-id=\"b96d240\" data-element_type=\"section\" data-e-type=\"section\">\n\t\t\t\t\t\t<div class=\"elementor-container elementor-column-gap-default\">\n\t\t\t\t\t<div class=\"elementor-column elementor-col-100 elementor-top-column elementor-element elementor-element-de19807\" data-id=\"de19807\" data-element_type=\"column\" data-e-type=\"column\">\n\t\t\t<div class=\"elementor-widget-wrap elementor-element-populated\">\n\t\t\t\t\t\t<div class=\"elementor-element elementor-element-c69fde1 elementor-arrows-position-inside elementor-pagination-position-outside elementor-widget elementor-widget-image-carousel\" data-id=\"c69fde1\" data-element_type=\"widget\" data-e-type=\"widget\" data-settings=\"{&quot;slides_to_show&quot;:&quot;1&quot;,&quot;autoplay&quot;:&quot;no&quot;,&quot;navigation&quot;:&quot;both&quot;,&quot;infinite&quot;:&quot;yes&quot;,&quot;effect&quot;:&quot;slide&quot;,&quot;speed&quot;:500}\" data-widget_type=\"image-carousel.default\">\n\t\t\t\t<div class=\"elementor-widget-container\">\n\t\t\t\t\t\t\t<div class=\"elementor-image-carousel-wrapper swiper\" role=\"region\" aria-roledescription=\"carousel\" aria-label=\"Carrossel de imagem\" dir=\"ltr\">\n\t\t\t<div class=\"elementor-image-carousel swiper-wrapper\" aria-live=\"polite\">\n\t\t\t\t\t\t\t\t<div class=\"swiper-slide\" role=\"group\" aria-roledescription=\"slide\" aria-label=\"1 de 3\"><figure class=\"swiper-slide-inner\"><img decoding=\"async\" class=\"swiper-slide-image\" src=\"https:\/\/rmaterbelem.org.br\/wp-content\/uploads\/2024\/08\/aula-inaugural-768x576.jpg\" alt=\"aula inaugural\" \/><\/figure><\/div><div class=\"swiper-slide\" role=\"group\" aria-roledescription=\"slide\" aria-label=\"2 de 3\"><figure class=\"swiper-slide-inner\"><img decoding=\"async\" class=\"swiper-slide-image\" src=\"https:\/\/rmaterbelem.org.br\/wp-content\/uploads\/2024\/08\/bispo-palestrante-aula-inauugural-768x576.jpg\" alt=\"bispo palestrante aula inauugural\" \/><\/figure><\/div><div class=\"swiper-slide\" role=\"group\" aria-roledescription=\"slide\" aria-label=\"3 de 3\"><figure class=\"swiper-slide-inner\"><img decoding=\"async\" class=\"swiper-slide-image\" src=\"https:\/\/rmaterbelem.org.br\/wp-content\/uploads\/2024\/08\/aula-inaugural-auluo-768x576.jpg\" alt=\"aula inaugural auluo\" \/><\/figure><\/div>\t\t\t<\/div>\n\t\t\t\t\t\t\t\t\t\t\t\t<div class=\"elementor-swiper-button elementor-swiper-button-prev\" role=\"button\" tabindex=\"0\">\n\t\t\t\t\t\t<i aria-hidden=\"true\" class=\"eicon-chevron-left\"><\/i>\t\t\t\t\t<\/div>\n\t\t\t\t\t<div class=\"elementor-swiper-button elementor-swiper-button-next\" role=\"button\" tabindex=\"0\">\n\t\t\t\t\t\t<i aria-hidden=\"true\" class=\"eicon-chevron-right\"><\/i>\t\t\t\t\t<\/div>\n\t\t\t\t\n\t\t\t\t\t\t\t\t\t<div class=\"swiper-pagination\"><\/div>\n\t\t\t\t\t\t\t\t\t<\/div>\n\t\t\t\t\t\t<\/div>\n\t\t\t\t<\/div>\n\t\t\t\t\t<\/div>\n\t\t<\/div>\n\t\t\t\t\t<\/div>\n\t\t<\/section>\n\t\t\t\t<\/div>","protected":false},"excerpt":{"rendered":"<p>Ap\u00f3s o recesso de julho, as atividades acad\u00eamicas s\u00e3o novamente iniciadas na Faculdade Cat\u00f3lica de Bel\u00e9m, institui\u00e7\u00e3o na qual estudam os seminaristas da Arquidiocese de Bel\u00e9m. A programa\u00e7\u00e3o contou com a presen\u00e7a de Dom Denilson Geraldo, bispo auxiliar da Arquidiocese de Bras\u00edlia, que presidiu a celebra\u00e7\u00e3o eucar\u00edstica na par\u00f3quia S\u00e3o Pio X. Ap\u00f3s a missa, foi ministrada a aula inaugural por Dom Denilson com o tema &#8220;A Eclesiologia e a Metodologia da Ci\u00eancia Can\u00f4nica&#8221;.<\/p>","protected":false},"author":8,"featured_media":1714,"comment_status":"closed","ping_status":"open","sticky":false,"template":"","format":"standard","meta":{"wp_popup_display_lightbox":0,"wp_popup_suppress":"","wp_popup_trigger":"","wp_popup_trigger_amount":0,"wp_popup_disable_on_mobile":false,"footnotes":""},"categories":[6,7],"tags":[],"class_list":["post-1711","post","type-post","status-publish","format-standard","has-post-thumbnail","hentry","category-eventos","category-noticias"],"_links":{"self":[{"href":"https:\/\/rmaterbelem.org.br\/it\/wp-json\/wp\/v2\/posts\/1711","targetHints":{"allow":["GET"]}}],"collection":[{"href":"https:\/\/rmaterbelem.org.br\/it\/wp-json\/wp\/v2\/posts"}],"about":[{"href":"https:\/\/rmaterbelem.org.br\/it\/wp-json\/wp\/v2\/types\/post"}],"author":[{"embeddable":true,"href":"https:\/\/rmaterbelem.org.br\/it\/wp-json\/wp\/v2\/users\/8"}],"replies":[{"embeddable":true,"href":"https:\/\/rmaterbelem.org.br\/it\/wp-json\/wp\/v2\/comments?post=1711"}],"version-history":[{"count":13,"href":"https:\/\/rmaterbelem.org.br\/it\/wp-json\/wp\/v2\/posts\/1711\/revisions"}],"predecessor-version":[{"id":1730,"href":"https:\/\/rmaterbelem.org.br\/it\/wp-json\/wp\/v2\/posts\/1711\/revisions\/1730"}],"wp:featuredmedia":[{"embeddable":true,"href":"https:\/\/rmaterbelem.org.br\/it\/wp-json\/wp\/v2\/media\/1714"}],"wp:attachment":[{"href":"https:\/\/rmaterbelem.org.br\/it\/wp-json\/wp\/v2\/media?parent=1711"}],"wp:term":[{"taxonomy":"category","embeddable":true,"href":"https:\/\/rmaterbelem.org.br\/it\/wp-json\/wp\/v2\/categories?post=1711"},{"taxonomy":"post_tag","embeddable":true,"href":"https:\/\/rmaterbelem.org.br\/it\/wp-json\/wp\/v2\/tags?post=1711"}],"curies":[{"name":"wp","href":"https:\/\/api.w.org\/{rel}","templated":true}]}}