{"id":1784,"date":"2024-10-31T16:32:15","date_gmt":"2024-10-31T19:32:15","guid":{"rendered":"https:\/\/rmaterbelem.org.br\/?p=1784"},"modified":"2024-11-22T21:04:26","modified_gmt":"2024-11-23T00:04:26","slug":"celebracao-dos-10-anos-de-erecao-canonica-do-seminario-e-admissio-ad-ordines","status":"publish","type":"post","link":"https:\/\/rmaterbelem.org.br\/it\/celebracao-dos-10-anos-de-erecao-canonica-do-seminario-e-admissio-ad-ordines\/","title":{"rendered":"Celebrazione dei 10 anni di erezione canonica del Seminario e di ammissione agli Ordini"},"content":{"rendered":"<div data-elementor-type=\"wp-post\" data-elementor-id=\"1784\" class=\"elementor elementor-1784\">\n\t\t\t\t\t\t<section class=\"elementor-section elementor-top-section elementor-element elementor-element-2eff0397 elementor-section-boxed elementor-section-height-default elementor-section-height-default wpr-particle-no wpr-jarallax-no wpr-parallax-no wpr-sticky-section-no wpr-equal-height-no\" data-id=\"2eff0397\" data-element_type=\"section\" data-e-type=\"section\">\n\t\t\t\t\t\t<div class=\"elementor-container elementor-column-gap-default\">\n\t\t\t\t\t<div class=\"elementor-column elementor-col-100 elementor-top-column elementor-element elementor-element-4af570d9\" data-id=\"4af570d9\" data-element_type=\"column\" data-e-type=\"column\">\n\t\t\t<div class=\"elementor-widget-wrap elementor-element-populated\">\n\t\t\t\t\t\t<div class=\"elementor-element elementor-element-42c3f67e elementor-widget elementor-widget-text-editor\" data-id=\"42c3f67e\" data-element_type=\"widget\" data-e-type=\"widget\" data-widget_type=\"text-editor.default\">\n\t\t\t\t<div class=\"elementor-widget-container\">\n\t\t\t\t\t\t\t\t\t<p>No dia 30 de outubro de 2024, celebrou-se 10 anos de nascimento do Semin\u00e1rio Mission\u00e1rio <em>Redemptoris Mater<\/em> nell'arcidiocesi di Bel\u00e9m.<\/p><p>Per l'occasione si \u00e8 svolta anche l'ammissione agli ordini sacri.<em>Admissio ad Ordines<\/em>del seminarista Andr\u00e9 Jorge Costa Go\u00e9s, un rito in cui viene confermata la chiamata al sacerdozio e in cui il candidato esprime pubblicamente il desiderio di continuare la sua formazione sacerdotale.<\/p><p>La celebrazione \u00e8 stata presieduta dall'arcivescovo di Bel\u00e9m, Dom Alberto Taveira Corr\u00eaa, e si \u00e8 svolta nella foresteria Dom Ant\u00f4nio Lustosa. Nell'omelia, ha detto di non avere alcun rimpianto per la presenza del seminario in Par\u00e1 e ha invitato tutti a continuare quest'opera di evangelizzazione, oltre a esortare tutti a mantenere viva la propria vocazione.<\/p><p>Erano presenti anche le \u00e9quipe itineranti del Cammino Neocatecumenale del Par\u00e1, i sacerdoti formati dai seminari e i sacerdoti che hanno partecipato al progetto. <em>Redemptoris Mater<\/em> che sono in missione nell'arcidiocesi di Bel\u00e9m e nella diocesi di Castanhal, seminaristi itineranti, oltre ai frutti gi\u00e0 raccolti in questa casa, 3 sacerdoti ordinati.<\/p><p>Erano presenti anche il rettore del seminario Seeds of the Word, don James, e i seminaristi della comunit\u00e0 di vita consacrata.<\/p><p>\u00c8 stato un momento di grande gioia e comunione.<\/p><p>Chiediamo alla Vergine di Nazareth di benedire quest'opera di evangelizzazione e di formare per la nuova evangelizzazione sacerdoti che vivano secondo il cuore di Ges\u00f9 Cristo.<\/p><p>Rezem por n\u00f3s<\/p>\t\t\t\t\t\t\t\t<\/div>\n\t\t\t\t<\/div>\n\t\t\t\t\t<\/div>\n\t\t<\/div>\n\t\t\t\t\t<\/div>\n\t\t<\/section>\n\t\t\t\t<\/div>","protected":false},"excerpt":{"rendered":"<p>No dia 30 de outubro de 2024, celebrou-se 10 anos de nascimento do Semin\u00e1rio Mission\u00e1rio Redemptoris Mater na Arquidiocese de Bel\u00e9m. Na ocasi\u00e3o tamb\u00e9m foi realizada a Admiss\u00e3o \u00e0s Ordens Sacras (Admissio ad Ordines) do seminarista Andr\u00e9 Jorge Costa Go\u00e9s, rito no qual se confirma o chamado ao presbiterato, e no qual o candidato manifesta publicamente seu desejo de continuar a forma\u00e7\u00e3o sacerdotal. A celebra\u00e7\u00e3o foi presidida pelo Arcebispo de Bel\u00e9m, Dom Alberto Taveira Corr\u00eaa e se deu na Casa de Conviv\u00eancias Dom Ant\u00f4nio Lustosa. Em sua homilia, afirmou n\u00e3o se arrepender em momento algum da presen\u00e7a do semin\u00e1rio em terras paraenses e convidou a todos a levar adiante essa obra de evangeliza\u00e7\u00e3o, al\u00e9m de chamar a cada um a manter viva a voca\u00e7\u00e3o. Tamb\u00e9m estiveram presentes as equipes itinerantes do Caminho Neocatecumenal do Par\u00e1, padres formados pelos semin\u00e1rios Redemptoris Mater que est\u00e3o em miss\u00e3o na Arquidiocese de Bel\u00e9m e na Diocese de Castanhal, seminaristas itinerantes, al\u00e9m dos frutos j\u00e1 colhidos nessa casa, 3 padres ordenados. Tamb\u00e9m se fez presente o reitor do semin\u00e1rio das Sementes do Verbo, padre Tiago, e seminaristas da comunidade de vida consagrada. Foi um momento de grande alegria e comunh\u00e3o. Pedimos \u00e0 Virgem de Nazar\u00e9 que aben\u00e7oe essa obra de evangeliza\u00e7\u00e3o e que sejam formados presb\u00edteros para a nova evangeliza\u00e7\u00e3o que vivam de acordo com o cora\u00e7\u00e3o de Jesus Cristo. Rezem por n\u00f3s<\/p>","protected":false},"author":8,"featured_media":1788,"comment_status":"closed","ping_status":"open","sticky":false,"template":"","format":"standard","meta":{"wp_popup_display_lightbox":0,"wp_popup_suppress":"","wp_popup_trigger":"","wp_popup_trigger_amount":0,"wp_popup_disable_on_mobile":false,"footnotes":""},"categories":[14,6,7],"tags":[],"class_list":["post-1784","post","type-post","status-publish","format-standard","has-post-thumbnail","hentry","category-admissio","category-eventos","category-noticias"],"_links":{"self":[{"href":"https:\/\/rmaterbelem.org.br\/it\/wp-json\/wp\/v2\/posts\/1784","targetHints":{"allow":["GET"]}}],"collection":[{"href":"https:\/\/rmaterbelem.org.br\/it\/wp-json\/wp\/v2\/posts"}],"about":[{"href":"https:\/\/rmaterbelem.org.br\/it\/wp-json\/wp\/v2\/types\/post"}],"author":[{"embeddable":true,"href":"https:\/\/rmaterbelem.org.br\/it\/wp-json\/wp\/v2\/users\/8"}],"replies":[{"embeddable":true,"href":"https:\/\/rmaterbelem.org.br\/it\/wp-json\/wp\/v2\/comments?post=1784"}],"version-history":[{"count":20,"href":"https:\/\/rmaterbelem.org.br\/it\/wp-json\/wp\/v2\/posts\/1784\/revisions"}],"predecessor-version":[{"id":1815,"href":"https:\/\/rmaterbelem.org.br\/it\/wp-json\/wp\/v2\/posts\/1784\/revisions\/1815"}],"wp:featuredmedia":[{"embeddable":true,"href":"https:\/\/rmaterbelem.org.br\/it\/wp-json\/wp\/v2\/media\/1788"}],"wp:attachment":[{"href":"https:\/\/rmaterbelem.org.br\/it\/wp-json\/wp\/v2\/media?parent=1784"}],"wp:term":[{"taxonomy":"category","embeddable":true,"href":"https:\/\/rmaterbelem.org.br\/it\/wp-json\/wp\/v2\/categories?post=1784"},{"taxonomy":"post_tag","embeddable":true,"href":"https:\/\/rmaterbelem.org.br\/it\/wp-json\/wp\/v2\/tags?post=1784"}],"curies":[{"name":"wp","href":"https:\/\/api.w.org\/{rel}","templated":true}]}}