{"id":1920,"date":"2025-04-20T21:16:28","date_gmt":"2025-04-21T00:16:28","guid":{"rendered":"https:\/\/rmaterbelem.org.br\/?p=1920"},"modified":"2025-04-30T17:21:24","modified_gmt":"2025-04-30T20:21:24","slug":"vesperas-solenes-domingo-da-pascoa-do-senhor","status":"publish","type":"post","link":"https:\/\/rmaterbelem.org.br\/it\/vesperas-solenes-domingo-da-pascoa-do-senhor\/","title":{"rendered":"Vespri Solenni della Domenica di Pasqua del Signore"},"content":{"rendered":"<div data-elementor-type=\"wp-post\" data-elementor-id=\"1920\" class=\"elementor elementor-1920\">\n\t\t\t\t\t\t<section class=\"elementor-section elementor-top-section elementor-element elementor-element-1101481e elementor-section-boxed elementor-section-height-default elementor-section-height-default wpr-particle-no wpr-jarallax-no wpr-parallax-no wpr-sticky-section-no wpr-equal-height-no\" data-id=\"1101481e\" data-element_type=\"section\" data-e-type=\"section\">\n\t\t\t\t\t\t<div class=\"elementor-container elementor-column-gap-default\">\n\t\t\t\t\t<div class=\"elementor-column elementor-col-100 elementor-top-column elementor-element elementor-element-20b4c923\" data-id=\"20b4c923\" data-element_type=\"column\" data-e-type=\"column\">\n\t\t\t<div class=\"elementor-widget-wrap elementor-element-populated\">\n\t\t\t\t\t\t<div class=\"elementor-element elementor-element-614921b3 elementor-widget elementor-widget-text-editor\" data-id=\"614921b3\" data-element_type=\"widget\" data-e-type=\"widget\" data-widget_type=\"text-editor.default\">\n\t\t\t\t<div class=\"elementor-widget-container\">\n\t\t\t\t\t\t\t\t\t<p data-sourcepos=\"5:1-5:462\">\n<\/p><p data-sourcepos=\"5:1-5:462\">Le celebrazioni della Domenica di Pasqua sono segnate da una gioia esultante, espressa in liturgie festive, canti di giubilo e nella solenne proclamazione del Vangelo della Risurrezione. La Chiesa si riempie di luce, simbolo della nuova vita che sgorga dal sepolcro vuoto. E nel seminario non \u00e8 diverso.<\/p>\n<p data-sourcepos=\"7:1-7:681\">Con la celebrazione dei Vespri Solenni della Domenica di Pasqua, questa festa si prolunga, segnando la fine della giornata con lode e rendimento di grazie. In questa liturgia vespertina si riafferma la fede nella vittoria di Cristo sulle tenebre, si annuncia la risurrezione e si eleva la preghiera al Signore risorto. I Vespri pasquali sono permeati da un\u2019atmosfera di profonda gratitudine e contemplazione del mistero pasquale.<\/p><p data-sourcepos=\"7:1-7:681\">Durante i Vespri \u00e8 stata anche impartita la benedizione del Cero Pasquale, che accompagner\u00e0 la vita liturgica del seminario durante i cinquanta giorni di Pasqua.<\/p>\n<p data-sourcepos=\"7:1-7:681\">Seminario missionario arcidiocesano&nbsp;<em>Redemptoris Mater&nbsp;<\/em>Dall\u2019Arcidiocesi di Bel\u00e9m, auguriamo a tutti una Santa e Felice Pasqua!<\/p>\t\t\t\t\t\t\t\t<\/div>\n\t\t\t\t<\/div>\n\t\t\t\t\t<\/div>\n\t\t<\/div>\n\t\t\t\t\t<\/div>\n\t\t<\/section>\n\t\t\t\t<section class=\"elementor-section elementor-top-section elementor-element elementor-element-4da8a3a elementor-section-boxed elementor-section-height-default elementor-section-height-default wpr-particle-no wpr-jarallax-no wpr-parallax-no wpr-sticky-section-no wpr-equal-height-no\" data-id=\"4da8a3a\" data-element_type=\"section\" data-e-type=\"section\">\n\t\t\t\t\t\t<div class=\"elementor-container elementor-column-gap-default\">\n\t\t\t\t\t<div class=\"elementor-column elementor-col-100 elementor-top-column elementor-element elementor-element-89537c3\" data-id=\"89537c3\" data-element_type=\"column\" data-e-type=\"column\">\n\t\t\t<div class=\"elementor-widget-wrap elementor-element-populated\">\n\t\t\t\t\t\t<div class=\"elementor-element elementor-element-8be2089 elementor-arrows-position-inside elementor-pagination-position-outside elementor-widget elementor-widget-image-carousel\" data-id=\"8be2089\" data-element_type=\"widget\" data-e-type=\"widget\" data-settings=\"{&quot;slides_to_show&quot;:&quot;1&quot;,&quot;navigation&quot;:&quot;both&quot;,&quot;effect&quot;:&quot;slide&quot;,&quot;speed&quot;:500}\" data-widget_type=\"image-carousel.default\">\n\t\t\t\t<div class=\"elementor-widget-container\">\n\t\t\t\t\t\t\t<div class=\"elementor-image-carousel-wrapper swiper\" role=\"region\" aria-roledescription=\"carousel\" aria-label=\"Carrossel de imagens\" dir=\"ltr\">\n\t\t\t<div class=\"elementor-image-carousel swiper-wrapper\" aria-live=\"polite\">\n\t\t\t\t\t\t\t\t<div class=\"swiper-slide\" role=\"group\" aria-roledescription=\"slide\" aria-label=\"1 de 3\"><figure class=\"swiper-slide-inner\"><img decoding=\"async\" class=\"swiper-slide-image\" src=\"https:\/\/rmaterbelem.org.br\/wp-content\/uploads\/2025\/04\/DSC_0345-768x576.png\" alt=\"DSC_0345\" \/><\/figure><\/div><div class=\"swiper-slide\" role=\"group\" aria-roledescription=\"slide\" aria-label=\"2 de 3\"><figure class=\"swiper-slide-inner\"><img decoding=\"async\" class=\"swiper-slide-image\" src=\"https:\/\/rmaterbelem.org.br\/wp-content\/uploads\/2025\/04\/DSC_0351-768x576.png\" alt=\"DSC_0351\" \/><\/figure><\/div><div class=\"swiper-slide\" role=\"group\" aria-roledescription=\"slide\" aria-label=\"3 de 3\"><figure class=\"swiper-slide-inner\"><img decoding=\"async\" class=\"swiper-slide-image\" src=\"https:\/\/rmaterbelem.org.br\/wp-content\/uploads\/2025\/04\/DSC_0368-1-768x576.png\" alt=\"DSC_0368\" \/><\/figure><\/div>\t\t\t<\/div>\n\t\t\t\t\t\t\t\t\t\t\t\t<div class=\"elementor-swiper-button elementor-swiper-button-prev\" role=\"button\" tabindex=\"0\">\n\t\t\t\t\t\t<i aria-hidden=\"true\" class=\"eicon-chevron-left\"><\/i>\t\t\t\t\t<\/div>\n\t\t\t\t\t<div class=\"elementor-swiper-button elementor-swiper-button-next\" role=\"button\" tabindex=\"0\">\n\t\t\t\t\t\t<i aria-hidden=\"true\" class=\"eicon-chevron-right\"><\/i>\t\t\t\t\t<\/div>\n\t\t\t\t\n\t\t\t\t\t\t\t\t\t<div class=\"swiper-pagination\"><\/div>\n\t\t\t\t\t\t\t\t\t<\/div>\n\t\t\t\t\t\t<\/div>\n\t\t\t\t<\/div>\n\t\t\t\t\t<\/div>\n\t\t<\/div>\n\t\t\t\t\t<\/div>\n\t\t<\/section>\n\t\t\t\t<\/div>","protected":false},"excerpt":{"rendered":"<p>As celebra\u00e7\u00f5es do Domingo de P\u00e1scoa s\u00e3o marcadas por uma alegria exultante, expressa em liturgias festivas, cantos de j\u00fabilo e a proclama\u00e7\u00e3o solene do Evangelho da Ressurrei\u00e7\u00e3o. A Igreja se enche de luz, s\u00edmbolo da vida nova que brota do t\u00famulo vazio. E no semin\u00e1rio n\u00e3o \u00e9 diferente. Com a celebra\u00e7\u00e3o das V\u00e9speras Solenes do Domingo de P\u00e1scoa prolonga-se esta celebra\u00e7\u00e3o, marcando o final do dia com louvor e a\u00e7\u00e3o de gra\u00e7as. Nesta liturgia vespertina, se reafirma a f\u00e9 na vit\u00f3ria de Cristo sobre as trevas e anuncia a ressurrei\u00e7\u00e3o e eleva a ora\u00e7\u00e3o ao Senhor ressuscitado. As V\u00e9speras pascais carregam uma atmosfera de profunda gratid\u00e3o e contempla\u00e7\u00e3o do mist\u00e9rio pascal. Nas V\u00e9speras tamb\u00e9m foi feita a ben\u00e7\u00e3o do C\u00edrio Pascal que ir\u00e1 acompanhar a vida lit\u00fargica do semin\u00e1rio durante os 50 dias da P\u00e1scoa. O Semin\u00e1rio Mission\u00e1rio Arquidiocesano&nbsp;Redemptoris Mater&nbsp;da Arquidiocese de Bel\u00e9m deseja a todos uma Santa e Feliz P\u00e1scoa!<\/p>","protected":false},"author":8,"featured_media":1912,"comment_status":"closed","ping_status":"open","sticky":false,"template":"","format":"standard","meta":{"wp_popup_display_lightbox":0,"wp_popup_suppress":"","wp_popup_trigger":"","wp_popup_trigger_amount":0,"wp_popup_disable_on_mobile":false,"footnotes":""},"categories":[6,7],"tags":[],"class_list":["post-1920","post","type-post","status-publish","format-standard","has-post-thumbnail","hentry","category-eventos","category-noticias"],"_links":{"self":[{"href":"https:\/\/rmaterbelem.org.br\/it\/wp-json\/wp\/v2\/posts\/1920","targetHints":{"allow":["GET"]}}],"collection":[{"href":"https:\/\/rmaterbelem.org.br\/it\/wp-json\/wp\/v2\/posts"}],"about":[{"href":"https:\/\/rmaterbelem.org.br\/it\/wp-json\/wp\/v2\/types\/post"}],"author":[{"embeddable":true,"href":"https:\/\/rmaterbelem.org.br\/it\/wp-json\/wp\/v2\/users\/8"}],"replies":[{"embeddable":true,"href":"https:\/\/rmaterbelem.org.br\/it\/wp-json\/wp\/v2\/comments?post=1920"}],"version-history":[{"count":8,"href":"https:\/\/rmaterbelem.org.br\/it\/wp-json\/wp\/v2\/posts\/1920\/revisions"}],"predecessor-version":[{"id":1952,"href":"https:\/\/rmaterbelem.org.br\/it\/wp-json\/wp\/v2\/posts\/1920\/revisions\/1952"}],"wp:featuredmedia":[{"embeddable":true,"href":"https:\/\/rmaterbelem.org.br\/it\/wp-json\/wp\/v2\/media\/1912"}],"wp:attachment":[{"href":"https:\/\/rmaterbelem.org.br\/it\/wp-json\/wp\/v2\/media?parent=1920"}],"wp:term":[{"taxonomy":"category","embeddable":true,"href":"https:\/\/rmaterbelem.org.br\/it\/wp-json\/wp\/v2\/categories?post=1920"},{"taxonomy":"post_tag","embeddable":true,"href":"https:\/\/rmaterbelem.org.br\/it\/wp-json\/wp\/v2\/tags?post=1920"}],"curies":[{"name":"wp","href":"https:\/\/api.w.org\/{rel}","templated":true}]}}