{"id":2008,"date":"2025-08-11T21:13:39","date_gmt":"2025-08-12T00:13:39","guid":{"rendered":"https:\/\/rmaterbelem.org.br\/?p=2008"},"modified":"2025-08-12T16:17:31","modified_gmt":"2025-08-12T19:17:31","slug":"primeira-visita-pastoral-de-dom-julio-endi-akamine-arcebispo-metropolitano-da-arquidiocese-de-belem","status":"publish","type":"post","link":"https:\/\/rmaterbelem.org.br\/it\/primeira-visita-pastoral-de-dom-julio-endi-akamine-arcebispo-metropolitano-da-arquidiocese-de-belem\/","title":{"rendered":"Prima visita pastorale di Dom J\u00falio Endi Akamine, arcivescovo metropolita dell'arcidiocesi di Bel\u00e9m"},"content":{"rendered":"<div data-elementor-type=\"wp-post\" data-elementor-id=\"2008\" class=\"elementor elementor-2008\">\n\t\t\t\t\t\t<section class=\"elementor-section elementor-top-section elementor-element elementor-element-3df696b6 elementor-section-boxed elementor-section-height-default elementor-section-height-default wpr-particle-no wpr-jarallax-no wpr-parallax-no wpr-sticky-section-no wpr-equal-height-no\" data-id=\"3df696b6\" data-element_type=\"section\" data-e-type=\"section\">\n\t\t\t\t\t\t<div class=\"elementor-container elementor-column-gap-default\">\n\t\t\t\t\t<div class=\"elementor-column elementor-col-100 elementor-top-column elementor-element elementor-element-6544c328\" data-id=\"6544c328\" data-element_type=\"column\" data-e-type=\"column\">\n\t\t\t<div class=\"elementor-widget-wrap elementor-element-populated\">\n\t\t\t\t\t\t<div class=\"elementor-element elementor-element-32203008 elementor-widget elementor-widget-text-editor\" data-id=\"32203008\" data-element_type=\"widget\" data-e-type=\"widget\" data-widget_type=\"text-editor.default\">\n\t\t\t\t<div class=\"elementor-widget-container\">\n\t\t\t\t\t\t\t\t\t<p>Il seminario ha avuto il piacere di ricevere per la prima volta la visita del nuovo arcivescovo metropolita dell'arcidiocesi di Bel\u00e9m, Dom J\u00falio Endi Akamine.<\/p><p>Dom J\u00falio ha espresso la sua immensa gioia e gratitudine per i servizi resi dal seminario all'arcidiocesi e alla Chiesa. Il seminario, dal canto suo, ribadisce il proprio impegno e la propria disponibilit\u00e0 nei confronti del nuovo arcivescovo per l'evangelizzazione delle terre amazzoniche.<\/p><p>Dom J\u00falio Endi Akamine ha assunto la guida dell'Arcidiocesi di Bel\u00e9m il 6 agosto, dopo che Papa Leone XIV ha accettato la richiesta di dimissioni di Dom Alberto Taveira Corr\u00eaa, ora vescovo emerito.<\/p><p>Il seminario rende grazie a Dio per il servizio di Mons. Alberto Taveira, che ha chiesto un seminario Redemptoris Mater per Betlemme.<\/p>\t\t\t\t\t\t\t\t<\/div>\n\t\t\t\t<\/div>\n\t\t\t\t\t<\/div>\n\t\t<\/div>\n\t\t\t\t\t<\/div>\n\t\t<\/section>\n\t\t\t\t<section class=\"elementor-section elementor-top-section elementor-element elementor-element-11474ab elementor-section-boxed elementor-section-height-default elementor-section-height-default wpr-particle-no wpr-jarallax-no wpr-parallax-no wpr-sticky-section-no wpr-equal-height-no\" data-id=\"11474ab\" data-element_type=\"section\" data-e-type=\"section\">\n\t\t\t\t\t\t<div class=\"elementor-container elementor-column-gap-default\">\n\t\t\t\t\t<div class=\"elementor-column elementor-col-100 elementor-top-column elementor-element elementor-element-564be44\" data-id=\"564be44\" data-element_type=\"column\" data-e-type=\"column\">\n\t\t\t<div class=\"elementor-widget-wrap elementor-element-populated\">\n\t\t\t\t\t\t<div class=\"elementor-element elementor-element-2ecf4dd elementor-arrows-position-inside elementor-pagination-position-outside elementor-widget elementor-widget-image-carousel\" data-id=\"2ecf4dd\" data-element_type=\"widget\" data-e-type=\"widget\" data-settings=\"{&quot;slides_to_show&quot;:&quot;1&quot;,&quot;navigation&quot;:&quot;both&quot;,&quot;effect&quot;:&quot;slide&quot;,&quot;speed&quot;:500}\" data-widget_type=\"image-carousel.default\">\n\t\t\t\t<div class=\"elementor-widget-container\">\n\t\t\t\t\t\t\t<div class=\"elementor-image-carousel-wrapper swiper\" role=\"region\" aria-roledescription=\"carousel\" aria-label=\"Carrossel de imagens\" dir=\"ltr\">\n\t\t\t<div class=\"elementor-image-carousel swiper-wrapper\" aria-live=\"polite\">\n\t\t\t\t\t\t\t\t<div class=\"swiper-slide\" role=\"group\" aria-roledescription=\"slide\" aria-label=\"1 de 5\"><figure class=\"swiper-slide-inner\"><img decoding=\"async\" class=\"swiper-slide-image\" src=\"https:\/\/rmaterbelem.org.br\/wp-content\/uploads\/2025\/08\/IMG20250811184154-768x578.jpg\" alt=\"oplus_0\" \/><\/figure><\/div><div class=\"swiper-slide\" role=\"group\" aria-roledescription=\"slide\" aria-label=\"2 de 5\"><figure class=\"swiper-slide-inner\"><img decoding=\"async\" class=\"swiper-slide-image\" src=\"https:\/\/rmaterbelem.org.br\/wp-content\/uploads\/2025\/08\/IMG20250811180027-768x578.jpg\" alt=\"oplus_0\" \/><\/figure><\/div><div class=\"swiper-slide\" role=\"group\" aria-roledescription=\"slide\" aria-label=\"3 de 5\"><figure class=\"swiper-slide-inner\"><img decoding=\"async\" class=\"swiper-slide-image\" src=\"https:\/\/rmaterbelem.org.br\/wp-content\/uploads\/2025\/08\/IMG20250811182956-768x1020.jpg\" alt=\"oplus_32\" \/><\/figure><\/div><div class=\"swiper-slide\" role=\"group\" aria-roledescription=\"slide\" aria-label=\"4 de 5\"><figure class=\"swiper-slide-inner\"><img decoding=\"async\" class=\"swiper-slide-image\" src=\"https:\/\/rmaterbelem.org.br\/wp-content\/uploads\/2025\/08\/IMG20250811182220-768x578.jpg\" alt=\"oplus_0\" \/><\/figure><\/div><div class=\"swiper-slide\" role=\"group\" aria-roledescription=\"slide\" aria-label=\"5 de 5\"><figure class=\"swiper-slide-inner\"><img decoding=\"async\" class=\"swiper-slide-image\" src=\"https:\/\/rmaterbelem.org.br\/wp-content\/uploads\/2025\/08\/IMG20250811180426-768x578.jpg\" alt=\"oplus_0\" \/><\/figure><\/div>\t\t\t<\/div>\n\t\t\t\t\t\t\t\t\t\t\t\t<div class=\"elementor-swiper-button elementor-swiper-button-prev\" role=\"button\" tabindex=\"0\">\n\t\t\t\t\t\t<i aria-hidden=\"true\" class=\"eicon-chevron-left\"><\/i>\t\t\t\t\t<\/div>\n\t\t\t\t\t<div class=\"elementor-swiper-button elementor-swiper-button-next\" role=\"button\" tabindex=\"0\">\n\t\t\t\t\t\t<i aria-hidden=\"true\" class=\"eicon-chevron-right\"><\/i>\t\t\t\t\t<\/div>\n\t\t\t\t\n\t\t\t\t\t\t\t\t\t<div class=\"swiper-pagination\"><\/div>\n\t\t\t\t\t\t\t\t\t<\/div>\n\t\t\t\t\t\t<\/div>\n\t\t\t\t<\/div>\n\t\t\t\t\t<\/div>\n\t\t<\/div>\n\t\t\t\t\t<\/div>\n\t\t<\/section>\n\t\t\t\t<\/div>","protected":false},"excerpt":{"rendered":"<p>O semin\u00e1rio teve a alegria de receber pela primeira vez a visita do novo Arcebispo Metropolitano da Arquidiocese de Bel\u00e9m, Dom J\u00falio Endi Akamine. Dom J\u00falio manifestou sua imensa alegria e gratid\u00e3o aos servi\u00e7os prestados pelo semin\u00e1rio para a Arquidiocese e para a Igreja. O semin\u00e1rio, por sua vez, refor\u00e7a seu compromisso e disposi\u00e7\u00e3o para com o novo arcebispo para a evangeliza\u00e7\u00e3o das terras amaz\u00f4nicas. Dom J\u00falio Endi Akamine assumiu o governo da Arquidiocese de Bel\u00e9m no dia 06\/08 ao ser aceito o pedido de ren\u00fancia de Dom Alberto Taveira Corr\u00eaa, que agora se encontra como bispo em\u00e9rito, pelo Papa Le\u00e3o XIV. O semin\u00e1rio d\u00e1 gra\u00e7as a Deus pelo servi\u00e7o de Dom Alberto Taveira, o qual pediu um semin\u00e1rio Redemptoris Mater para Bel\u00e9m.<\/p>","protected":false},"author":8,"featured_media":2013,"comment_status":"closed","ping_status":"open","sticky":false,"template":"","format":"standard","meta":{"wp_popup_display_lightbox":0,"wp_popup_suppress":"","wp_popup_trigger":"","wp_popup_trigger_amount":0,"wp_popup_disable_on_mobile":false,"footnotes":""},"categories":[6,7],"tags":[],"class_list":["post-2008","post","type-post","status-publish","format-standard","has-post-thumbnail","hentry","category-eventos","category-noticias"],"_links":{"self":[{"href":"https:\/\/rmaterbelem.org.br\/it\/wp-json\/wp\/v2\/posts\/2008","targetHints":{"allow":["GET"]}}],"collection":[{"href":"https:\/\/rmaterbelem.org.br\/it\/wp-json\/wp\/v2\/posts"}],"about":[{"href":"https:\/\/rmaterbelem.org.br\/it\/wp-json\/wp\/v2\/types\/post"}],"author":[{"embeddable":true,"href":"https:\/\/rmaterbelem.org.br\/it\/wp-json\/wp\/v2\/users\/8"}],"replies":[{"embeddable":true,"href":"https:\/\/rmaterbelem.org.br\/it\/wp-json\/wp\/v2\/comments?post=2008"}],"version-history":[{"count":7,"href":"https:\/\/rmaterbelem.org.br\/it\/wp-json\/wp\/v2\/posts\/2008\/revisions"}],"predecessor-version":[{"id":2021,"href":"https:\/\/rmaterbelem.org.br\/it\/wp-json\/wp\/v2\/posts\/2008\/revisions\/2021"}],"wp:featuredmedia":[{"embeddable":true,"href":"https:\/\/rmaterbelem.org.br\/it\/wp-json\/wp\/v2\/media\/2013"}],"wp:attachment":[{"href":"https:\/\/rmaterbelem.org.br\/it\/wp-json\/wp\/v2\/media?parent=2008"}],"wp:term":[{"taxonomy":"category","embeddable":true,"href":"https:\/\/rmaterbelem.org.br\/it\/wp-json\/wp\/v2\/categories?post=2008"},{"taxonomy":"post_tag","embeddable":true,"href":"https:\/\/rmaterbelem.org.br\/it\/wp-json\/wp\/v2\/tags?post=2008"}],"curies":[{"name":"wp","href":"https:\/\/api.w.org\/{rel}","templated":true}]}}