{"id":2689,"date":"2026-09-02T21:28:52","date_gmt":"2026-09-03T00:28:52","guid":{"rendered":"https:\/\/rmaterbelem.org.br\/?p=2689"},"modified":"2026-09-02T21:37:04","modified_gmt":"2026-09-03T00:37:04","slug":"o-seminario-celebra-nossa-senhora-de-belem-padroeira-da-arquidiocese","status":"publish","type":"post","link":"https:\/\/rmaterbelem.org.br\/it\/o-seminario-celebra-nossa-senhora-de-belem-padroeira-da-arquidiocese\/","title":{"rendered":"O Semin\u00e1rio celebra Nossa Senhora de Bel\u00e9m, Padroeira da Arquidiocese"},"content":{"rendered":"<div data-elementor-type=\"wp-post\" data-elementor-id=\"2689\" class=\"elementor elementor-2689\">\n\t\t\t\t\t\t<section class=\"elementor-section elementor-top-section elementor-element elementor-element-283df9b5 elementor-section-stretched elementor-section-boxed elementor-section-height-default elementor-section-height-default wpr-particle-no wpr-jarallax-no wpr-parallax-no wpr-sticky-section-no wpr-column-slider-no wpr-equal-height-no\" data-id=\"283df9b5\" data-element_type=\"section\" data-e-type=\"section\" data-settings=\"{&quot;stretch_section&quot;:&quot;section-stretched&quot;}\">\n\t\t\t\t\t\t<div class=\"elementor-container elementor-column-gap-default\">\n\t\t\t\t\t<div class=\"elementor-column elementor-col-100 elementor-top-column elementor-element elementor-element-616c481a\" data-id=\"616c481a\" data-element_type=\"column\" data-e-type=\"column\">\n\t\t\t<div class=\"elementor-widget-wrap elementor-element-populated\">\n\t\t\t\t\t\t<div class=\"elementor-element elementor-element-572c0802 elementor-widget elementor-widget-text-editor\" data-id=\"572c0802\" data-element_type=\"widget\" data-e-type=\"widget\" data-widget_type=\"text-editor.default\">\n\t\t\t\t<div class=\"elementor-widget-container\">\n\t\t\t\t\t\t\t\t\t<p><em>Bel\u00e9m (PA), 02 de setembro de 2026<\/em><\/p><p class=\"PDq2pG_selectionAnchorContainer\" data-start=\"77\" data-end=\"449\">No dia 2 de fevereiro, festa de Nossa Senhora de Bel\u00e9m, o Semin\u00e1rio Mission\u00e1rio Arquidiocesano Redemptoris Mater uniu-se a toda a Igreja particular de Bel\u00e9m na celebra\u00e7\u00e3o de sua Padroeira. A solenidade teve seu momento central na Santa Missa celebrada na Catedral Metropolitana de Bel\u00e9m, presidida pelo Arcebispo Metropolitano, Dom Julio Endi Akamine, SAC.<\/p><p data-start=\"451\" data-end=\"832\">Em sua homilia, Dom Julio destacou tr\u00eas aspectos da liturgia da palavra: <strong data-start=\"521\" data-end=\"540\">o valor da vida<\/strong>, recordando que \u201cquando a gente perde essa capacidade de nos alegrar porque uma vida surge, n\u00f3s estamos perdendo a nossa humanidade\u201d; <strong data-start=\"675\" data-end=\"694\">a for\u00e7a do amor<\/strong>, que \u201c\u00e9 mais forte do que todo o poder deste mundo\u201d; e <strong data-start=\"750\" data-end=\"765\">a esperan\u00e7a<\/strong>, dom acess\u00edvel a todos aqueles que, com humildade, acolhem Cristo.<\/p><p data-start=\"834\" data-end=\"1019\">Ao final da celebra\u00e7\u00e3o, os fi\u00e9is participaram da prociss\u00e3o com a imagem de Nossa Senhora de Bel\u00e9m pelas ruas da Cidade Velha, manifestando publicamente sua f\u00e9 e devo\u00e7\u00e3o \u00e0 Padroeira.<\/p><p data-start=\"1021\" data-end=\"1404\" data-is-last-node=\"\" data-is-only-node=\"\">Para n\u00f3s, seminaristas, a celebra\u00e7\u00e3o foi tamb\u00e9m uma oportunidade de confiar \u00e0 prote\u00e7\u00e3o materna de Maria toda a Arquidiocese, nossas par\u00f3quias, fam\u00edlias e, de modo especial, as voca\u00e7\u00f5es ao sacerd\u00f3cio e \u00e0 vida mission\u00e1ria. Que Nossa Senhora de Bel\u00e9m continue conduzindo esta Igreja ao encontro de seu Filho e nos ensine, como disc\u00edpula, a responder com generosidade ao chamado de Deus.<\/p>\t\t\t\t\t\t\t\t<\/div>\n\t\t\t\t<\/div>\n\t\t\t\t\t<\/div>\n\t\t<\/div>\n\t\t\t\t\t<\/div>\n\t\t<\/section>\n\t\t\t\t<section class=\"elementor-section elementor-top-section elementor-element elementor-element-0f09558 elementor-section-stretched elementor-section-boxed elementor-section-height-default elementor-section-height-default wpr-particle-no wpr-jarallax-no wpr-parallax-no wpr-sticky-section-no wpr-column-slider-no wpr-equal-height-no\" data-id=\"0f09558\" data-element_type=\"section\" data-e-type=\"section\" data-settings=\"{&quot;stretch_section&quot;:&quot;section-stretched&quot;}\">\n\t\t\t\t\t\t<div class=\"elementor-container elementor-column-gap-default\">\n\t\t\t\t\t<div class=\"elementor-column elementor-col-100 elementor-top-column elementor-element elementor-element-6bc9817\" data-id=\"6bc9817\" data-element_type=\"column\" data-e-type=\"column\">\n\t\t\t<div class=\"elementor-widget-wrap elementor-element-populated\">\n\t\t\t\t\t\t<div class=\"elementor-element elementor-element-0b2c1c0 elementor-widget elementor-widget-image-gallery\" data-id=\"0b2c1c0\" data-element_type=\"widget\" data-e-type=\"widget\" data-widget_type=\"image-gallery.default\">\n\t\t\t\t<div class=\"elementor-widget-container\">\n\t\t\t\t\t\t\t<div class=\"elementor-image-gallery\">\n\t\t\t\n<a data-elementor-open-lightbox=\"yes\" data-elementor-lightbox-slideshow=\"0b2c1c0\" data-elementor-lightbox-title=\"DSC_0068\" data-e-action-hash=\"#elementor-action%3Aaction%3Dlightbox%26settings%3DeyJpZCI6MjY5NCwidXJsIjoiaHR0cDpcL1wvcm1hdGVyYmVsZW0ub3JnLmJyXC93cC1jb250ZW50XC91cGxvYWRzXC8yMDI2XC8wOVwvRFNDXzAwNjgtMS1zY2FsZWQuanBnIiwic2xpZGVzaG93IjoiMGIyYzFjMCJ9\" href='http:\/\/rmaterbelem.org.br\/wp-content\/uploads\/2026\/09\/DSC_0068-1-scaled.jpg'><img fetchpriority=\"high\" decoding=\"async\" width=\"300\" height=\"199\" src=\"http:\/\/rmaterbelem.org.br\/wp-content\/uploads\/2026\/09\/DSC_0068-1-300x199.jpg\" class=\"attachment-medium size-medium\" alt=\"\" srcset=\"http:\/\/rmaterbelem.org.br\/wp-content\/uploads\/2026\/09\/DSC_0068-1-300x199.jpg 300w, http:\/\/rmaterbelem.org.br\/wp-content\/uploads\/2026\/09\/DSC_0068-1-1024x679.jpg 1024w, http:\/\/rmaterbelem.org.br\/wp-content\/uploads\/2026\/09\/DSC_0068-1-768x509.jpg 768w, http:\/\/rmaterbelem.org.br\/wp-content\/uploads\/2026\/09\/DSC_0068-1-1536x1018.jpg 1536w, http:\/\/rmaterbelem.org.br\/wp-content\/uploads\/2026\/09\/DSC_0068-1-2048x1358.jpg 2048w, http:\/\/rmaterbelem.org.br\/wp-content\/uploads\/2026\/09\/DSC_0068-1-18x12.jpg 18w, http:\/\/rmaterbelem.org.br\/wp-content\/uploads\/2026\/09\/DSC_0068-1-1200x795.jpg 1200w, http:\/\/rmaterbelem.org.br\/wp-content\/uploads\/2026\/09\/DSC_0068-1-1980x1313.jpg 1980w\" sizes=\"(max-width: 300px) 100vw, 300px\" \/><\/a>\n<a data-elementor-open-lightbox=\"yes\" data-elementor-lightbox-slideshow=\"0b2c1c0\" data-elementor-lightbox-title=\"DSC_0211\" data-e-action-hash=\"#elementor-action%3Aaction%3Dlightbox%26settings%3DeyJpZCI6MjY5MiwidXJsIjoiaHR0cDpcL1wvcm1hdGVyYmVsZW0ub3JnLmJyXC93cC1jb250ZW50XC91cGxvYWRzXC8yMDI2XC8wOVwvRFNDXzAyMTEtc2NhbGVkLmpwZyIsInNsaWRlc2hvdyI6IjBiMmMxYzAifQ%3D%3D\" href='http:\/\/rmaterbelem.org.br\/wp-content\/uploads\/2026\/09\/DSC_0211-scaled.jpg'><img decoding=\"async\" width=\"300\" height=\"199\" src=\"http:\/\/rmaterbelem.org.br\/wp-content\/uploads\/2026\/09\/DSC_0211-300x199.jpg\" class=\"attachment-medium size-medium\" alt=\"\" srcset=\"http:\/\/rmaterbelem.org.br\/wp-content\/uploads\/2026\/09\/DSC_0211-300x199.jpg 300w, http:\/\/rmaterbelem.org.br\/wp-content\/uploads\/2026\/09\/DSC_0211-1024x679.jpg 1024w, http:\/\/rmaterbelem.org.br\/wp-content\/uploads\/2026\/09\/DSC_0211-768x509.jpg 768w, http:\/\/rmaterbelem.org.br\/wp-content\/uploads\/2026\/09\/DSC_0211-1536x1018.jpg 1536w, http:\/\/rmaterbelem.org.br\/wp-content\/uploads\/2026\/09\/DSC_0211-2048x1358.jpg 2048w, http:\/\/rmaterbelem.org.br\/wp-content\/uploads\/2026\/09\/DSC_0211-18x12.jpg 18w, http:\/\/rmaterbelem.org.br\/wp-content\/uploads\/2026\/09\/DSC_0211-1200x795.jpg 1200w, http:\/\/rmaterbelem.org.br\/wp-content\/uploads\/2026\/09\/DSC_0211-1980x1313.jpg 1980w\" sizes=\"(max-width: 300px) 100vw, 300px\" \/><\/a>\n<a data-elementor-open-lightbox=\"yes\" data-elementor-lightbox-slideshow=\"0b2c1c0\" data-elementor-lightbox-title=\"DSC_0232\" data-e-action-hash=\"#elementor-action%3Aaction%3Dlightbox%26settings%3DeyJpZCI6MjY5MywidXJsIjoiaHR0cDpcL1wvcm1hdGVyYmVsZW0ub3JnLmJyXC93cC1jb250ZW50XC91cGxvYWRzXC8yMDI2XC8wOVwvRFNDXzAyMzItc2NhbGVkLmpwZyIsInNsaWRlc2hvdyI6IjBiMmMxYzAifQ%3D%3D\" href='http:\/\/rmaterbelem.org.br\/wp-content\/uploads\/2026\/09\/DSC_0232-scaled.jpg'><img decoding=\"async\" width=\"300\" height=\"199\" src=\"http:\/\/rmaterbelem.org.br\/wp-content\/uploads\/2026\/09\/DSC_0232-300x199.jpg\" class=\"attachment-medium size-medium\" alt=\"\" srcset=\"http:\/\/rmaterbelem.org.br\/wp-content\/uploads\/2026\/09\/DSC_0232-300x199.jpg 300w, http:\/\/rmaterbelem.org.br\/wp-content\/uploads\/2026\/09\/DSC_0232-1024x679.jpg 1024w, http:\/\/rmaterbelem.org.br\/wp-content\/uploads\/2026\/09\/DSC_0232-768x509.jpg 768w, http:\/\/rmaterbelem.org.br\/wp-content\/uploads\/2026\/09\/DSC_0232-1536x1018.jpg 1536w, http:\/\/rmaterbelem.org.br\/wp-content\/uploads\/2026\/09\/DSC_0232-2048x1358.jpg 2048w, http:\/\/rmaterbelem.org.br\/wp-content\/uploads\/2026\/09\/DSC_0232-18x12.jpg 18w, http:\/\/rmaterbelem.org.br\/wp-content\/uploads\/2026\/09\/DSC_0232-1200x795.jpg 1200w, http:\/\/rmaterbelem.org.br\/wp-content\/uploads\/2026\/09\/DSC_0232-1980x1313.jpg 1980w\" sizes=\"(max-width: 300px) 100vw, 300px\" \/><\/a>\n<a data-elementor-open-lightbox=\"yes\" data-elementor-lightbox-slideshow=\"0b2c1c0\" data-elementor-lightbox-title=\"DSC_0069\" data-e-action-hash=\"#elementor-action%3Aaction%3Dlightbox%26settings%3DeyJpZCI6MjY5NSwidXJsIjoiaHR0cDpcL1wvcm1hdGVyYmVsZW0ub3JnLmJyXC93cC1jb250ZW50XC91cGxvYWRzXC8yMDI2XC8wOVwvRFNDXzAwNjktMS1zY2FsZWQuanBnIiwic2xpZGVzaG93IjoiMGIyYzFjMCJ9\" href='http:\/\/rmaterbelem.org.br\/wp-content\/uploads\/2026\/09\/DSC_0069-1-scaled.jpg'><img loading=\"lazy\" decoding=\"async\" width=\"300\" height=\"199\" src=\"http:\/\/rmaterbelem.org.br\/wp-content\/uploads\/2026\/09\/DSC_0069-1-300x199.jpg\" class=\"attachment-medium size-medium\" alt=\"\" srcset=\"http:\/\/rmaterbelem.org.br\/wp-content\/uploads\/2026\/09\/DSC_0069-1-300x199.jpg 300w, http:\/\/rmaterbelem.org.br\/wp-content\/uploads\/2026\/09\/DSC_0069-1-1024x679.jpg 1024w, http:\/\/rmaterbelem.org.br\/wp-content\/uploads\/2026\/09\/DSC_0069-1-768x509.jpg 768w, http:\/\/rmaterbelem.org.br\/wp-content\/uploads\/2026\/09\/DSC_0069-1-1536x1018.jpg 1536w, http:\/\/rmaterbelem.org.br\/wp-content\/uploads\/2026\/09\/DSC_0069-1-2048x1358.jpg 2048w, http:\/\/rmaterbelem.org.br\/wp-content\/uploads\/2026\/09\/DSC_0069-1-18x12.jpg 18w, http:\/\/rmaterbelem.org.br\/wp-content\/uploads\/2026\/09\/DSC_0069-1-1200x795.jpg 1200w, http:\/\/rmaterbelem.org.br\/wp-content\/uploads\/2026\/09\/DSC_0069-1-1980x1313.jpg 1980w\" sizes=\"(max-width: 300px) 100vw, 300px\" \/><\/a>\n\t\t<\/div>\n\t\t\t\t\t\t<\/div>\n\t\t\t\t<\/div>\n\t\t\t\t\t<\/div>\n\t\t<\/div>\n\t\t\t\t\t<\/div>\n\t\t<\/section>\n\t\t\t\t<\/div>","protected":false},"excerpt":{"rendered":"<p>Bel\u00e9m (PA), 02 de setembro de 2026 No dia 2 de fevereiro, festa de Nossa Senhora de Bel\u00e9m, o Semin\u00e1rio Mission\u00e1rio Arquidiocesano Redemptoris Mater uniu-se a toda a Igreja particular de Bel\u00e9m na celebra\u00e7\u00e3o de sua Padroeira. A solenidade teve seu momento central na Santa Missa celebrada na Catedral Metropolitana de Bel\u00e9m, presidida pelo Arcebispo Metropolitano, Dom Julio Endi Akamine, SAC. Em sua homilia, Dom Julio destacou tr\u00eas aspectos da liturgia da palavra: o valor da vida, recordando que \u201cquando a gente perde essa capacidade de nos alegrar porque uma vida surge, n\u00f3s estamos perdendo a nossa humanidade\u201d; a for\u00e7a do amor, que \u201c\u00e9 mais forte do que todo o poder deste mundo\u201d; e a esperan\u00e7a, dom acess\u00edvel a todos aqueles que, com humildade, acolhem Cristo. Ao final da celebra\u00e7\u00e3o, os fi\u00e9is participaram da prociss\u00e3o com a imagem de Nossa Senhora de Bel\u00e9m pelas ruas da Cidade Velha, manifestando publicamente sua f\u00e9 e devo\u00e7\u00e3o \u00e0 Padroeira. Para n\u00f3s, seminaristas, a celebra\u00e7\u00e3o foi tamb\u00e9m uma oportunidade de confiar \u00e0 prote\u00e7\u00e3o materna de Maria toda a Arquidiocese, nossas par\u00f3quias, fam\u00edlias e, de modo especial, as voca\u00e7\u00f5es ao sacerd\u00f3cio e \u00e0 vida mission\u00e1ria. Que Nossa Senhora de Bel\u00e9m continue conduzindo esta Igreja ao encontro de seu Filho e nos ensine, como disc\u00edpula, a responder com generosidade ao chamado de Deus.<\/p>","protected":false},"author":13,"featured_media":2694,"comment_status":"closed","ping_status":"open","sticky":false,"template":"","format":"standard","meta":{"wp_popup_display_lightbox":0,"wp_popup_suppress":"","wp_popup_trigger":"","wp_popup_trigger_amount":0,"wp_popup_disable_on_mobile":false,"footnotes":""},"categories":[7,1],"tags":[],"class_list":["post-2689","post","type-post","status-publish","format-standard","has-post-thumbnail","hentry","category-noticias","category-sem-categoria"],"_links":{"self":[{"href":"https:\/\/rmaterbelem.org.br\/it\/wp-json\/wp\/v2\/posts\/2689","targetHints":{"allow":["GET"]}}],"collection":[{"href":"https:\/\/rmaterbelem.org.br\/it\/wp-json\/wp\/v2\/posts"}],"about":[{"href":"https:\/\/rmaterbelem.org.br\/it\/wp-json\/wp\/v2\/types\/post"}],"author":[{"embeddable":true,"href":"https:\/\/rmaterbelem.org.br\/it\/wp-json\/wp\/v2\/users\/13"}],"replies":[{"embeddable":true,"href":"https:\/\/rmaterbelem.org.br\/it\/wp-json\/wp\/v2\/comments?post=2689"}],"version-history":[{"count":7,"href":"https:\/\/rmaterbelem.org.br\/it\/wp-json\/wp\/v2\/posts\/2689\/revisions"}],"predecessor-version":[{"id":2702,"href":"https:\/\/rmaterbelem.org.br\/it\/wp-json\/wp\/v2\/posts\/2689\/revisions\/2702"}],"wp:featuredmedia":[{"embeddable":true,"href":"https:\/\/rmaterbelem.org.br\/it\/wp-json\/wp\/v2\/media\/2694"}],"wp:attachment":[{"href":"https:\/\/rmaterbelem.org.br\/it\/wp-json\/wp\/v2\/media?parent=2689"}],"wp:term":[{"taxonomy":"category","embeddable":true,"href":"https:\/\/rmaterbelem.org.br\/it\/wp-json\/wp\/v2\/categories?post=2689"},{"taxonomy":"post_tag","embeddable":true,"href":"https:\/\/rmaterbelem.org.br\/it\/wp-json\/wp\/v2\/tags?post=2689"}],"curies":[{"name":"wp","href":"https:\/\/api.w.org\/{rel}","templated":true}]}}