{"id":968,"date":"2020-06-26T09:44:10","date_gmt":"2020-06-26T12:44:10","guid":{"rendered":"https:\/\/rmaterbelem.org.br\/?p=968"},"modified":"2026-03-28T20:39:16","modified_gmt":"2026-03-28T23:39:16","slug":"admissio-ad-ordines-seminarista-vagner","status":"publish","type":"post","link":"https:\/\/rmaterbelem.org.br\/it\/admissio-ad-ordines-seminarista-vagner\/","title":{"rendered":"ADMISSIO AD ORDINES &#8211; Seminarista Vagner"},"content":{"rendered":"<div data-elementor-type=\"wp-post\" data-elementor-id=\"968\" class=\"elementor elementor-968\">\n\t\t\t\t\t\t<section class=\"elementor-section elementor-top-section elementor-element elementor-element-8e3e3c6 elementor-section-stretched elementor-section-boxed elementor-section-height-default elementor-section-height-default wpr-particle-no wpr-jarallax-no wpr-parallax-no wpr-sticky-section-no wpr-equal-height-no\" data-id=\"8e3e3c6\" data-element_type=\"section\" data-e-type=\"section\" data-settings=\"{&quot;stretch_section&quot;:&quot;section-stretched&quot;}\">\n\t\t\t\t\t\t<div class=\"elementor-container elementor-column-gap-default\">\n\t\t\t\t\t<div class=\"elementor-column elementor-col-50 elementor-top-column elementor-element elementor-element-28be0cb\" data-id=\"28be0cb\" data-element_type=\"column\" data-e-type=\"column\">\n\t\t\t<div class=\"elementor-widget-wrap elementor-element-populated\">\n\t\t\t\t\t\t<div class=\"elementor-element elementor-element-c718875 elementor-widget elementor-widget-text-editor\" data-id=\"c718875\" data-element_type=\"widget\" data-e-type=\"widget\" data-widget_type=\"text-editor.default\">\n\t\t\t\t<div class=\"elementor-widget-container\">\n\t\t\t\t\t\t\t\t\t<p>Com grande alegria, celebramos em nosso Semin\u00e1rio a Eucaristia com o rito de admiss\u00e3o do seminarista Vagner de Oliveira, natural de Bras\u00edlia-DF. A Eucaristia e rito foi presidido por nosso arcebispo Dom Alberto Taveira<\/p><p>Durante a homilia, o arcebispo, dirigindo-se aos seminaristas, disse: \u201c<em>Com for\u00e7a hoje \u00e0 noite, gostaria de dizer a todos:\u00a0 voc\u00eas foram chamados \u00e0 plenitude da vida, \u00e0 vida eterna, escolhidos para viver e anunciar essa plenitude da vida. O semin\u00e1rio diocesano e mission\u00e1rio que os recebe \u00e9 um sinal desta chamada. Os padres que foram formados neste semin\u00e1rio, neste momento, est\u00e3o espalhados como mission\u00e1rios, cumprindo a voca\u00e7\u00e3o concedida por Cristo, que n\u00e3o apenas continua a miss\u00e3o de Pedro como a rocha da f\u00e9, mas tamb\u00e9m continua a de Paulo, que tinha preocupa\u00e7\u00e3o por todas as igrejas.\u00a0Convido-os a se prepararem para n\u00e3o ter uma vis\u00e3o limitada e restrita de sua miss\u00e3o. Essa miss\u00e3o \u00e9 ampla: a Igreja de Bel\u00e9m olha para o futuro e contempla horizontes distantes, at\u00e9 os confins mais remotos da terra<\/em>&#8220;.<\/p>\t\t\t\t\t\t\t\t<\/div>\n\t\t\t\t<\/div>\n\t\t\t\t\t<\/div>\n\t\t<\/div>\n\t\t\t\t<div class=\"elementor-column elementor-col-50 elementor-top-column elementor-element elementor-element-b114023\" data-id=\"b114023\" data-element_type=\"column\" data-e-type=\"column\">\n\t\t\t<div class=\"elementor-widget-wrap elementor-element-populated\">\n\t\t\t\t\t\t<div class=\"elementor-element elementor-element-01d2c41 elementor-arrows-position-inside elementor-pagination-position-outside elementor-widget elementor-widget-image-carousel\" data-id=\"01d2c41\" data-element_type=\"widget\" data-e-type=\"widget\" data-settings=\"{&quot;slides_to_show&quot;:&quot;1&quot;,&quot;navigation&quot;:&quot;both&quot;,&quot;autoplay&quot;:&quot;yes&quot;,&quot;pause_on_hover&quot;:&quot;yes&quot;,&quot;pause_on_interaction&quot;:&quot;yes&quot;,&quot;autoplay_speed&quot;:5000,&quot;infinite&quot;:&quot;yes&quot;,&quot;effect&quot;:&quot;slide&quot;,&quot;speed&quot;:500}\" data-widget_type=\"image-carousel.default\">\n\t\t\t\t<div class=\"elementor-widget-container\">\n\t\t\t\t\t\t\t<div class=\"elementor-image-carousel-wrapper swiper\" role=\"region\" aria-roledescription=\"carousel\" aria-label=\"Carosello d&#039;immagini\" dir=\"ltr\" data-no-translation-aria-label=\"\">\n\t\t\t<div class=\"elementor-image-carousel swiper-wrapper\" aria-live=\"off\">\n\t\t\t\t\t\t\t\t<div class=\"swiper-slide\" role=\"group\" aria-roledescription=\"slide\" aria-label=\"1 di 5\" data-no-translation-aria-label=\"\"><figure class=\"swiper-slide-inner\"><img decoding=\"async\" class=\"swiper-slide-image\" src=\"http:\/\/rmaterbelem.org.br\/wp-content\/uploads\/2023\/06\/DSC_97231-1024x685.jpg\" alt=\"DSC_9723(1)\" \/><\/figure><\/div><div class=\"swiper-slide\" role=\"group\" aria-roledescription=\"slide\" aria-label=\"2 di 5\" data-no-translation-aria-label=\"\"><figure class=\"swiper-slide-inner\"><img decoding=\"async\" class=\"swiper-slide-image\" src=\"http:\/\/rmaterbelem.org.br\/wp-content\/uploads\/2023\/06\/DSC_97281-1024x685.jpg\" alt=\"DSC_9728(1)\" \/><\/figure><\/div><div class=\"swiper-slide\" role=\"group\" aria-roledescription=\"slide\" aria-label=\"3 di 5\" data-no-translation-aria-label=\"\"><figure class=\"swiper-slide-inner\"><img decoding=\"async\" class=\"swiper-slide-image\" src=\"http:\/\/rmaterbelem.org.br\/wp-content\/uploads\/2023\/06\/DSC_97341-1024x685.jpg\" alt=\"DSC_9734(1)\" \/><\/figure><\/div><div class=\"swiper-slide\" role=\"group\" aria-roledescription=\"slide\" aria-label=\"4 di 5\" data-no-translation-aria-label=\"\"><figure class=\"swiper-slide-inner\"><img decoding=\"async\" class=\"swiper-slide-image\" src=\"http:\/\/rmaterbelem.org.br\/wp-content\/uploads\/2023\/06\/DSC_96911-1024x685.jpg\" alt=\"DSC_9691(1)\" \/><\/figure><\/div><div class=\"swiper-slide\" role=\"group\" aria-roledescription=\"slide\" aria-label=\"5 di 5\" data-no-translation-aria-label=\"\"><figure class=\"swiper-slide-inner\"><img decoding=\"async\" class=\"swiper-slide-image\" src=\"http:\/\/rmaterbelem.org.br\/wp-content\/uploads\/2023\/06\/DSC_97391-1024x685.jpg\" alt=\"DSC_9739(1)\" \/><\/figure><\/div>\t\t\t<\/div>\n\t\t\t\t\t\t\t\t\t\t\t\t<div class=\"elementor-swiper-button elementor-swiper-button-prev\" role=\"button\" tabindex=\"0\">\n\t\t\t\t\t\t<i aria-hidden=\"true\" class=\"eicon-chevron-left\"><\/i>\t\t\t\t\t<\/div>\n\t\t\t\t\t<div class=\"elementor-swiper-button elementor-swiper-button-next\" role=\"button\" tabindex=\"0\">\n\t\t\t\t\t\t<i aria-hidden=\"true\" class=\"eicon-chevron-right\"><\/i>\t\t\t\t\t<\/div>\n\t\t\t\t\n\t\t\t\t\t\t\t\t\t<div class=\"swiper-pagination\"><\/div>\n\t\t\t\t\t\t\t\t\t<\/div>\n\t\t\t\t\t\t<\/div>\n\t\t\t\t<\/div>\n\t\t\t\t\t<\/div>\n\t\t<\/div>\n\t\t\t\t\t<\/div>\n\t\t<\/section>\n\t\t\t\t<\/div>","protected":false},"excerpt":{"rendered":"<p>Com grande alegria, celebramos em nosso Semin\u00e1rio a Eucaristia com o rito de admiss\u00e3o do seminarista Vagner de Oliveira, natural de Bras\u00edlia-DF. A Eucaristia e rito foi presidido por nosso arcebispo Dom Alberto Taveira Durante a homilia, o arcebispo, dirigindo-se aos seminaristas, disse: \u201cCom for\u00e7a hoje \u00e0 noite, gostaria de dizer a todos:\u00a0 voc\u00eas foram chamados \u00e0 plenitude da vida, \u00e0 vida eterna, escolhidos para viver e anunciar essa plenitude da vida. O semin\u00e1rio diocesano e mission\u00e1rio que os recebe \u00e9 um sinal desta chamada. Os padres que foram formados neste semin\u00e1rio, neste momento, est\u00e3o espalhados como mission\u00e1rios, cumprindo a voca\u00e7\u00e3o concedida por Cristo, que n\u00e3o apenas continua a miss\u00e3o de Pedro como a rocha da f\u00e9, mas tamb\u00e9m continua a de Paulo, que tinha preocupa\u00e7\u00e3o por todas as igrejas.\u00a0Convido-os a se prepararem para n\u00e3o ter uma vis\u00e3o limitada e restrita de sua miss\u00e3o. Essa miss\u00e3o \u00e9 ampla: a Igreja de Bel\u00e9m olha para o futuro e contempla horizontes distantes, at\u00e9 os confins mais remotos da terra&#8220;. Previous image Next image<\/p>","protected":false},"author":13,"featured_media":971,"comment_status":"closed","ping_status":"open","sticky":false,"template":"","format":"standard","meta":{"wp_popup_display_lightbox":0,"wp_popup_suppress":"","wp_popup_trigger":"","wp_popup_trigger_amount":0,"wp_popup_disable_on_mobile":false,"footnotes":""},"categories":[14,15,7],"tags":[],"class_list":["post-968","post","type-post","status-publish","format-standard","has-post-thumbnail","hentry","category-admissio","category-ministerio","category-noticias"],"_links":{"self":[{"href":"https:\/\/rmaterbelem.org.br\/it\/wp-json\/wp\/v2\/posts\/968","targetHints":{"allow":["GET"]}}],"collection":[{"href":"https:\/\/rmaterbelem.org.br\/it\/wp-json\/wp\/v2\/posts"}],"about":[{"href":"https:\/\/rmaterbelem.org.br\/it\/wp-json\/wp\/v2\/types\/post"}],"author":[{"embeddable":true,"href":"https:\/\/rmaterbelem.org.br\/it\/wp-json\/wp\/v2\/users\/13"}],"replies":[{"embeddable":true,"href":"https:\/\/rmaterbelem.org.br\/it\/wp-json\/wp\/v2\/comments?post=968"}],"version-history":[{"count":13,"href":"https:\/\/rmaterbelem.org.br\/it\/wp-json\/wp\/v2\/posts\/968\/revisions"}],"predecessor-version":[{"id":2078,"href":"https:\/\/rmaterbelem.org.br\/it\/wp-json\/wp\/v2\/posts\/968\/revisions\/2078"}],"wp:featuredmedia":[{"embeddable":true,"href":"https:\/\/rmaterbelem.org.br\/it\/wp-json\/wp\/v2\/media\/971"}],"wp:attachment":[{"href":"https:\/\/rmaterbelem.org.br\/it\/wp-json\/wp\/v2\/media?parent=968"}],"wp:term":[{"taxonomy":"category","embeddable":true,"href":"https:\/\/rmaterbelem.org.br\/it\/wp-json\/wp\/v2\/categories?post=968"},{"taxonomy":"post_tag","embeddable":true,"href":"https:\/\/rmaterbelem.org.br\/it\/wp-json\/wp\/v2\/tags?post=968"}],"curies":[{"name":"wp","href":"https:\/\/api.w.org\/{rel}","templated":true}]}}